{"id":342715,"date":"2024-04-09T09:06:25","date_gmt":"2024-04-09T07:06:25","guid":{"rendered":"http:\/\/www.farabrodnica.pl\/wordpress\/?p=342715"},"modified":"2024-04-09T09:09:42","modified_gmt":"2024-04-09T07:09:42","slug":"bierzmowanie-2024","status":"publish","type":"post","link":"https:\/\/www.farabrodnica.pl\/wordpress\/2024\/04\/09\/bierzmowanie-2024\/","title":{"rendered":"BIERZMOWANIE 2024"},"content":{"rendered":"\n<p class=\"has-text-align-center\">Ks. biskup Wies\u0142aw \u015amigiel udzieli <strong>sakramentu bierzmowania<\/strong> m\u0142odzie\u017cy naszej parafii w \u015brod\u0119, <br>8 maja o godz. 18<sup>30<\/sup>.<\/p>\n\n\n\n<h2 class=\"wp-block-heading\">Spotkania organizacyjne przed uroczysto\u015bci\u0105 BIERZMOWANIA<\/h2>\n\n\n\n<p class=\"has-vivid-red-color has-text-color has-link-color wp-elements-68413e945180ef2fec23ad306422ffe7\"><strong>PLAN<\/strong><\/p>\n\n\n\n<p><strong>23 kwietnia \u2013 godzina 19:00<\/strong><\/p>\n\n\n\n<p><strong>25 kwietnia \u2013 godzina 19:00<\/strong><\/p>\n\n\n\n<p><strong>6 maja \u2013 godzina 19:00<\/strong><\/p>\n\n\n\n<p><strong>7 maja \u2013 godzina 19:00<\/strong><\/p>\n\n\n\n<p class=\"has-vivid-red-color has-text-color has-link-color wp-elements-9b199117cacf9ebd2594e20a379aff33\"><strong>\u015bwiadkowie do bierzmowania<\/strong><\/p>\n\n\n\n<p><strong>Podczas uroczysto\u015bci b\u0119dzie dwoje \u015bwiadk\u00f3w parafialnych, jeden dla ch\u0142opc\u00f3w, drugi dla dziewcz\u0105t<\/strong><\/p>\n","protected":false},"excerpt":{"rendered":"<p>Ks. biskup Wies\u0142aw \u015amigiel udzieli sakramentu bierzmowania m\u0142odzie\u017cy naszej parafii w \u015brod\u0119, 8 maja o godz. 1830. Spotkania organizacyjne przed uroczysto\u015bci\u0105 BIERZMOWANIA PLAN 23 kwietnia \u2013 godzina 19:00 25 kwietnia \u2013 godzina 19:00 6 maja \u2013 godzina 19:00 7 maja \u2013 godzina 19:00 \u015bwiadkowie do bierzmowania Podczas uroczysto\u015bci b\u0119dzie dwoje \u015bwiadk\u00f3w parafialnych, jeden dla ch\u0142opc\u00f3w, [&hellip;]<\/p>\n","protected":false},"author":1,"featured_media":342716,"comment_status":"closed","ping_status":"open","sticky":false,"template":"","format":"standard","meta":{"footnotes":""},"categories":[73,68],"tags":[],"_links":{"self":[{"href":"https:\/\/www.farabrodnica.pl\/wordpress\/wp-json\/wp\/v2\/posts\/342715"}],"collection":[{"href":"https:\/\/www.farabrodnica.pl\/wordpress\/wp-json\/wp\/v2\/posts"}],"about":[{"href":"https:\/\/www.farabrodnica.pl\/wordpress\/wp-json\/wp\/v2\/types\/post"}],"author":[{"embeddable":true,"href":"https:\/\/www.farabrodnica.pl\/wordpress\/wp-json\/wp\/v2\/users\/1"}],"replies":[{"embeddable":true,"href":"https:\/\/www.farabrodnica.pl\/wordpress\/wp-json\/wp\/v2\/comments?post=342715"}],"version-history":[{"count":2,"href":"https:\/\/www.farabrodnica.pl\/wordpress\/wp-json\/wp\/v2\/posts\/342715\/revisions"}],"predecessor-version":[{"id":342719,"href":"https:\/\/www.farabrodnica.pl\/wordpress\/wp-json\/wp\/v2\/posts\/342715\/revisions\/342719"}],"wp:featuredmedia":[{"embeddable":true,"href":"https:\/\/www.farabrodnica.pl\/wordpress\/wp-json\/wp\/v2\/media\/342716"}],"wp:attachment":[{"href":"https:\/\/www.farabrodnica.pl\/wordpress\/wp-json\/wp\/v2\/media?parent=342715"}],"wp:term":[{"taxonomy":"category","embeddable":true,"href":"https:\/\/www.farabrodnica.pl\/wordpress\/wp-json\/wp\/v2\/categories?post=342715"},{"taxonomy":"post_tag","embeddable":true,"href":"https:\/\/www.farabrodnica.pl\/wordpress\/wp-json\/wp\/v2\/tags?post=342715"}],"curies":[{"name":"wp","href":"https:\/\/api.w.org\/{rel}","templated":true}]}}