{"id":56374,"date":"2022-03-12T18:09:16","date_gmt":"2022-03-12T17:09:16","guid":{"rendered":"http:\/\/www.farabrodnica.pl\/wordpress\/?p=56374"},"modified":"2022-03-12T18:15:38","modified_gmt":"2022-03-12T17:15:38","slug":"rekolekcje-parafialne-14-16-marca-2022","status":"publish","type":"post","link":"http:\/\/www.farabrodnica.pl\/wordpress\/2022\/03\/12\/rekolekcje-parafialne-14-16-marca-2022\/","title":{"rendered":"REKOLEKCJE PARAFIALNE 13-16 MARCA 2022"},"content":{"rendered":"\t\t<div data-elementor-type=\"wp-post\" data-elementor-id=\"56374\" class=\"elementor elementor-56374\" data-elementor-post-type=\"post\">\n\t\t\t\t\t\t<section class=\"elementor-section elementor-top-section elementor-element elementor-element-59f5ab5 elementor-section-boxed elementor-section-height-default elementor-section-height-default\" data-id=\"59f5ab5\" data-element_type=\"section\" data-settings=\"{&quot;_ha_eqh_enable&quot;:false}\">\n\t\t\t\t\t\t<div class=\"elementor-container elementor-column-gap-default\">\n\t\t\t\t\t<div class=\"elementor-column elementor-col-100 elementor-top-column elementor-element elementor-element-b4a42bf\" data-id=\"b4a42bf\" data-element_type=\"column\">\n\t\t\t<div class=\"elementor-widget-wrap elementor-element-populated\">\n\t\t\t\t\t\t<div class=\"elementor-element elementor-element-08c218e elementor-widget elementor-widget-text-editor\" data-id=\"08c218e\" data-element_type=\"widget\" data-widget_type=\"text-editor.default\">\n\t\t\t\t<div class=\"elementor-widget-container\">\n\t\t\t\t\t\t\t<p style=\"text-align: justify;\"><span style=\"font-size: 24px;\">Nauki rekolekcyjne dzisiaj na wszystkich Mszach \u015bwi\u0119tych a <strong>w poniedzia\u0142ek, wtorek i \u015brod\u0119 podczas Mszy \u015bw. o godz. 8<sup>00<\/sup>, 10<sup>00<\/sup> <\/strong>(b\u0119dzie to dodatkowa Eucharystia w czasie rekolekcji oraz 18<sup>30<\/sup>.<\/span><\/p><p>\u00a0<\/p><p style=\"text-align: center;\"><span style=\"font-size: 24px; color: #003366;\">P<strong>odczas rekolekcji na Msze \u015bw. wieczorne o godz. 18<sup>30<\/sup> zapraszamy osoby pochodz\u0105ce z Ukrainy. <\/strong><\/span><\/p><p style=\"text-align: center;\"><span style=\"color: #003366;\"><strong><span style=\"font-size: 24px;\">B\u0119dziemy odmawiali modlitwy w j\u0119zyku ukrai\u0144skim.<\/span><\/strong><\/span><\/p><p>\u00a0<\/p><p style=\"text-align: justify;\"><span style=\"font-size: 24px;\"><strong>We wtorek<\/strong> zapraszamy do skorzystania z sakramentu pokuty i pojednania w godz. 9<sup>00<\/sup>-10<sup>00<\/sup> oraz 17<sup>30<\/sup>-18<sup>30<\/sup>. <\/span><\/p><p>\u00a0<\/p><p style=\"text-align: center;\"><span style=\"font-size: 24px;\"><span style=\"color: #ff0000;\">Mo\u017cliwo\u015b\u0107 spowiedzi r\u00f3wnie\u017c w j\u0119zyku ukrai\u0144skim.<\/span><\/span><\/p><p style=\"text-align: justify;\">\u00a0<\/p><p style=\"text-align: justify;\"><span style=\"font-size: 24px;\"><strong>Ofiary<\/strong> zbierane podczas Mszy \u015bw. w poniedzia\u0142ek, wtorek i \u015brod\u0119 przeznaczone b\u0119d\u0105\u00a0 dla ks. rekolekcjonisty.<\/span><\/p>\t\t\t\t\t\t<\/div>\n\t\t\t\t<\/div>\n\t\t\t\t\t<\/div>\n\t\t<\/div>\n\t\t\t\t\t<\/div>\n\t\t<\/section>\n\t\t\t\t<\/div>\n\t\t","protected":false},"excerpt":{"rendered":"<p>Nauki rekolekcyjne dzisiaj na wszystkich Mszach \u015bwi\u0119tych a w poniedzia\u0142ek, wtorek i \u015brod\u0119 podczas Mszy \u015bw. o godz. 800, 1000 (b\u0119dzie to dodatkowa Eucharystia w czasie rekolekcji oraz 1830. \u00a0 Podczas rekolekcji na Msze \u015bw. wieczorne o godz. 1830 zapraszamy osoby pochodz\u0105ce z Ukrainy. B\u0119dziemy odmawiali modlitwy w j\u0119zyku ukrai\u0144skim. \u00a0 We wtorek zapraszamy do [&hellip;]<\/p>\n","protected":false},"author":1,"featured_media":56377,"comment_status":"closed","ping_status":"open","sticky":false,"template":"","format":"standard","meta":{"footnotes":""},"categories":[1],"tags":[],"_links":{"self":[{"href":"http:\/\/www.farabrodnica.pl\/wordpress\/wp-json\/wp\/v2\/posts\/56374"}],"collection":[{"href":"http:\/\/www.farabrodnica.pl\/wordpress\/wp-json\/wp\/v2\/posts"}],"about":[{"href":"http:\/\/www.farabrodnica.pl\/wordpress\/wp-json\/wp\/v2\/types\/post"}],"author":[{"embeddable":true,"href":"http:\/\/www.farabrodnica.pl\/wordpress\/wp-json\/wp\/v2\/users\/1"}],"replies":[{"embeddable":true,"href":"http:\/\/www.farabrodnica.pl\/wordpress\/wp-json\/wp\/v2\/comments?post=56374"}],"version-history":[{"count":5,"href":"http:\/\/www.farabrodnica.pl\/wordpress\/wp-json\/wp\/v2\/posts\/56374\/revisions"}],"predecessor-version":[{"id":56381,"href":"http:\/\/www.farabrodnica.pl\/wordpress\/wp-json\/wp\/v2\/posts\/56374\/revisions\/56381"}],"wp:featuredmedia":[{"embeddable":true,"href":"http:\/\/www.farabrodnica.pl\/wordpress\/wp-json\/wp\/v2\/media\/56377"}],"wp:attachment":[{"href":"http:\/\/www.farabrodnica.pl\/wordpress\/wp-json\/wp\/v2\/media?parent=56374"}],"wp:term":[{"taxonomy":"category","embeddable":true,"href":"http:\/\/www.farabrodnica.pl\/wordpress\/wp-json\/wp\/v2\/categories?post=56374"},{"taxonomy":"post_tag","embeddable":true,"href":"http:\/\/www.farabrodnica.pl\/wordpress\/wp-json\/wp\/v2\/tags?post=56374"}],"curies":[{"name":"wp","href":"https:\/\/api.w.org\/{rel}","templated":true}]}}