{"id":41629,"date":"2022-02-25T23:53:57","date_gmt":"2022-02-25T22:53:57","guid":{"rendered":"http:\/\/www.farabrodnica.pl\/wordpress\/?p=41629"},"modified":"2022-02-25T23:56:27","modified_gmt":"2022-02-25T22:56:27","slug":"apel-ksiedza-biskupa-wieslawa-smigla","status":"publish","type":"post","link":"http:\/\/www.farabrodnica.pl\/wordpress\/2022\/02\/25\/apel-ksiedza-biskupa-wieslawa-smigla\/","title":{"rendered":"APEL KSI\u0118DZA BISKUPA WIES\u0141AWA \u015aMIGLA"},"content":{"rendered":"\t\t<div data-elementor-type=\"wp-post\" data-elementor-id=\"41629\" class=\"elementor elementor-41629\" data-elementor-post-type=\"post\">\n\t\t\t\t\t\t<section class=\"elementor-section elementor-top-section elementor-element elementor-element-19a9bd4 elementor-section-boxed elementor-section-height-default elementor-section-height-default\" data-id=\"19a9bd4\" data-element_type=\"section\" data-settings=\"{&quot;_ha_eqh_enable&quot;:false}\">\n\t\t\t\t\t\t<div class=\"elementor-container elementor-column-gap-default\">\n\t\t\t\t\t<div class=\"elementor-column elementor-col-100 elementor-top-column elementor-element elementor-element-c9b30a1\" data-id=\"c9b30a1\" data-element_type=\"column\">\n\t\t\t<div class=\"elementor-widget-wrap elementor-element-populated\">\n\t\t\t\t\t\t<div class=\"elementor-element elementor-element-02c9d69 elementor-widget elementor-widget-text-editor\" data-id=\"02c9d69\" data-element_type=\"widget\" data-widget_type=\"text-editor.default\">\n\t\t\t\t<div class=\"elementor-widget-container\">\n\t\t\t\t\t\t\t<p style=\"text-align: center;\"><span style=\"font-size: 28px;\"><strong>Umi\u0142owani w Chrystusie Siostry i Bracia!<\/strong><\/span><\/p><p style=\"text-align: center;\"><span style=\"font-size: 28px;\">Pok\u00f3j wam!<\/span><\/p><p style=\"text-align: justify;\">Wojna, kt\u00f3ra dotkn\u0119\u0142a naszego wschodniego s\u0105siada jest r\u00f3wnie\u017c dla nas bolesna i wzywa nas do solidarno\u015bci z narodem ukrai\u0144skim oraz do konkretnej pomocy.<\/p><p style=\"text-align: justify;\">Pok\u00f3j nie jest wy\u0142\u0105cznie dzie\u0142em dyplomacji i zabieg\u00f3w mi\u0119dzynarodowych, ale przede wszystkim jest darem Boga, kt\u00f3ry mog\u0105 przyj\u0105\u0107 ludzie o wra\u017cliwych sercach. Dlatego w tej trudnej sytuacji najpierw potrzeba naszej modlitwy, modlitwy o pok\u00f3j i przemian\u0119 ludzkich serc. Niech ta modlitwa towarzyszy nam ka\u017cdego dnia w liturgii oraz w osobistej rozmowie z Bogiem.<\/p><p style=\"text-align: justify;\">Z pomoc\u0105, w trwaniu na modlitwie, przychodzi nam b\u0142. ks. Stefan Wincenty Frelichowski, kt\u00f3rego wspomnienie liturgiczne w naszej diecezji obchodzili\u015bmy 23 lutego \u2013 w przededniu jawnej i okrutnej agresji militarnej na Ukrain\u0119. Odczytuj\u0119 to jako znak i wyzwanie, aby\u015bmy za Jego wstawiennictwem prosili o pok\u00f3j. \u015aw. Jan Pawe\u0142 II wynosz\u0105c Go na o\u0142tarze \u2013 7 czerwca 1999 roku w Toruniu &#8211; nazwa\u0142 B\u0142ogos\u0142awionego cz\u0142owiekiem pokoju i uczyni\u0142 jego or\u0119downikiem.<\/p><p style=\"text-align: justify;\">Odpowiadaj\u0105c na apel Papie\u017ca Franciszka, \u015aroda Popielcowa niech b\u0119dzie dniem modlitwy, pokuty i postu, szczeg\u00f3lnie w intencji pokoju. Obok modlitwy potrzeba te\u017c czyn\u00f3w mi\u0142osierdzia i naszej ofiary.<\/p><p style=\"text-align: justify;\">W najbli\u017csz\u0105 niedziel\u0119 oraz w \u015arod\u0119 Popielcow\u0105 gor\u0105co prosz\u0119 o z\u0142o\u017cenie ofiar do puszek po Mszach \u015bwi\u0119tych, kt\u00f3re zostan\u0105 przeznaczone na pomoc dla naszych Si\u00f3str i Braci z Ukrainy. Zebrane pieni\u0105dze zostan\u0105 przekazane za po\u015brednictwem Caritas. Nasze diecezjalne Caritas jest ju\u017c w tej chwili gotowe przyj\u0105\u0107 uchod\u017ac\u00f3w wojennych.<\/p><p style=\"text-align: justify;\">W tym trudnym czasie jeszcze raz pozdrawiam Was s\u0142owami naszego Zbawiciela: Pok\u00f3j Wam!<\/p><p style=\"text-align: justify;\">\u00a0<\/p><p style=\"text-align: center;\"><span style=\"font-size: 24px;\">Z b\u0142ogos\u0142awie\u0144stwem i modlitw\u0105<\/span><\/p><p style=\"text-align: center;\"><span style=\"font-size: 24px;\">Wasz <\/span><span style=\"font-size: 24px;\">Biskup Wies\u0142aw<\/span><\/p>\t\t\t\t\t\t<\/div>\n\t\t\t\t<\/div>\n\t\t\t\t\t<\/div>\n\t\t<\/div>\n\t\t\t\t\t<\/div>\n\t\t<\/section>\n\t\t\t\t<\/div>\n\t\t","protected":false},"excerpt":{"rendered":"<p>Umi\u0142owani w Chrystusie Siostry i Bracia! Pok\u00f3j wam! Wojna, kt\u00f3ra dotkn\u0119\u0142a naszego wschodniego s\u0105siada jest r\u00f3wnie\u017c dla nas bolesna i wzywa nas do solidarno\u015bci z narodem ukrai\u0144skim oraz do konkretnej pomocy. Pok\u00f3j nie jest wy\u0142\u0105cznie dzie\u0142em dyplomacji i zabieg\u00f3w mi\u0119dzynarodowych, ale przede wszystkim jest darem Boga, kt\u00f3ry mog\u0105 przyj\u0105\u0107 ludzie o wra\u017cliwych sercach. Dlatego w [&hellip;]<\/p>\n","protected":false},"author":1,"featured_media":41630,"comment_status":"closed","ping_status":"open","sticky":false,"template":"","format":"standard","meta":{"footnotes":""},"categories":[72,68,69],"tags":[],"_links":{"self":[{"href":"http:\/\/www.farabrodnica.pl\/wordpress\/wp-json\/wp\/v2\/posts\/41629"}],"collection":[{"href":"http:\/\/www.farabrodnica.pl\/wordpress\/wp-json\/wp\/v2\/posts"}],"about":[{"href":"http:\/\/www.farabrodnica.pl\/wordpress\/wp-json\/wp\/v2\/types\/post"}],"author":[{"embeddable":true,"href":"http:\/\/www.farabrodnica.pl\/wordpress\/wp-json\/wp\/v2\/users\/1"}],"replies":[{"embeddable":true,"href":"http:\/\/www.farabrodnica.pl\/wordpress\/wp-json\/wp\/v2\/comments?post=41629"}],"version-history":[{"count":4,"href":"http:\/\/www.farabrodnica.pl\/wordpress\/wp-json\/wp\/v2\/posts\/41629\/revisions"}],"predecessor-version":[{"id":41662,"href":"http:\/\/www.farabrodnica.pl\/wordpress\/wp-json\/wp\/v2\/posts\/41629\/revisions\/41662"}],"wp:featuredmedia":[{"embeddable":true,"href":"http:\/\/www.farabrodnica.pl\/wordpress\/wp-json\/wp\/v2\/media\/41630"}],"wp:attachment":[{"href":"http:\/\/www.farabrodnica.pl\/wordpress\/wp-json\/wp\/v2\/media?parent=41629"}],"wp:term":[{"taxonomy":"category","embeddable":true,"href":"http:\/\/www.farabrodnica.pl\/wordpress\/wp-json\/wp\/v2\/categories?post=41629"},{"taxonomy":"post_tag","embeddable":true,"href":"http:\/\/www.farabrodnica.pl\/wordpress\/wp-json\/wp\/v2\/tags?post=41629"}],"curies":[{"name":"wp","href":"https:\/\/api.w.org\/{rel}","templated":true}]}}