{"id":39151,"date":"2022-02-24T17:58:02","date_gmt":"2022-02-24T16:58:02","guid":{"rendered":"http:\/\/www.farabrodnica.pl\/wordpress\/?p=39151"},"modified":"2022-02-26T00:19:02","modified_gmt":"2022-02-25T23:19:02","slug":"w-sobote-bedziemy-modlic-sie-na-rozancu","status":"publish","type":"post","link":"http:\/\/www.farabrodnica.pl\/wordpress\/2022\/02\/24\/w-sobote-bedziemy-modlic-sie-na-rozancu\/","title":{"rendered":"W sobot\u0119 b\u0119dziemy modli\u0107 si\u0119 na r\u00f3\u017ca\u0144cu."},"content":{"rendered":"\t\t<div data-elementor-type=\"wp-post\" data-elementor-id=\"39151\" class=\"elementor elementor-39151\" data-elementor-post-type=\"post\">\n\t\t\t\t\t\t<section class=\"elementor-section elementor-top-section elementor-element elementor-element-1cc3072a elementor-section-boxed elementor-section-height-default elementor-section-height-default\" data-id=\"1cc3072a\" data-element_type=\"section\" data-settings=\"{&quot;_ha_eqh_enable&quot;:false}\">\n\t\t\t\t\t\t<div class=\"elementor-container elementor-column-gap-default\">\n\t\t\t\t\t<div class=\"elementor-column elementor-col-100 elementor-top-column elementor-element elementor-element-f80888d\" data-id=\"f80888d\" data-element_type=\"column\">\n\t\t\t<div class=\"elementor-widget-wrap elementor-element-populated\">\n\t\t\t\t\t\t<div class=\"elementor-element elementor-element-1c53e725 elementor-widget elementor-widget-text-editor\" data-id=\"1c53e725\" data-element_type=\"widget\" data-widget_type=\"text-editor.default\">\n\t\t\t\t<div class=\"elementor-widget-container\">\n\t\t\t\t\t\t\t<p style=\"text-align: center;\"><span style=\"font-size: 24px;\"><strong><span style=\"color: #ff0000;\">&#8221; Pogr\u0105\u017cony w udr\u0119ce jeszcze silniej si\u0119 modli\u0142, a Jego pot by\u0142 jak g\u0119ste krople krwi, s\u0105cz\u0105ce si\u0119 na ziemi\u0119&#8221; \u0141k 22,44<\/span><\/strong><\/span><\/p><p>\u00a0<\/p><p style=\"text-align: center;\"><span style=\"font-size: 24px;\"><strong>W sobot\u0119 26 lutego b\u0119dziemy modli\u0107 si\u0119 na r\u00f3\u017ca\u0144cu w Kaplicy Krzy\u017ca \u015awi\u0119tego w intencji pokoju na Ukrainie, o dobre prze\u017cycie Wielkiego Postu i w intencji przeb\u0142agalnej za wszystkie grzechy<\/strong><\/span><\/p><p>\u00a0<\/p><p style=\"text-align: center;\"><span style=\"font-size: 28px; color: #ff0000;\"><strong>Plan modlitwy:<\/strong><\/span><\/p><p>\u00a0<\/p><ul><li>9:00 &#8211; TAJEMNICE RADOSNE I LITANIA DO \u015aW. MICHA\u0141A ARCHANIO\u0141A<\/li><li>10:00 &#8211; TAJEMNICE \u015aWIAT\u0141A I LITANIA DO NAJ\u015aWI\u0118TSZEGO SERCA PANA JEZUSA<\/li><li>11:00 &#8211; TAJEMNICE BOLESNE I LITANIA DO KRWI CHRYSTUSA<\/li><li>12:00 &#8211; TAJEMNICE CHWALEBNE I LITANIA DO DUCHA \u015aWI\u0118TEGO<\/li><li>13:00 &#8211; TAJEMNICE RADOSNE I LITANIA DO \u015aWI\u0118TEGO J\u00d3ZEFA<\/li><li>14:00 &#8211; TAJEMNICE \u015aWIAT\u0141A I LITANIA DO NAJ\u015aWI\u0118TSZEGO IMIENIA JEZUS<\/li><li>15:00 &#8211; GODZINA MI\u0141OSIERDZIA &#8211; KORONKA DO MI\u0141OSIERDZIA BO\u017bEGO I LITANIA DO BO\u017bEGO MI\u0141OSIERDZIA<\/li><li>16:00 &#8211; TAJEMNICE BOLESNE I LITANIA DO \u015aWI\u0118TEGO JANA PAW\u0141A II<\/li><li>17:00 &#8211; TAJEMNICE CHWALEBNE I LITANIA LORETA\u0143SKA<\/li><\/ul><p>\u00a0<\/p>\t\t\t\t\t\t<\/div>\n\t\t\t\t<\/div>\n\t\t\t\t\t<\/div>\n\t\t<\/div>\n\t\t\t\t\t<\/div>\n\t\t<\/section>\n\t\t\t\t<\/div>\n\t\t","protected":false},"excerpt":{"rendered":"<p>&#8221; Pogr\u0105\u017cony w udr\u0119ce jeszcze silniej si\u0119 modli\u0142, a Jego pot by\u0142 jak g\u0119ste krople krwi, s\u0105cz\u0105ce si\u0119 na ziemi\u0119&#8221; \u0141k 22,44 &nbsp; W sobot\u0119 26 lutego b\u0119dziemy modli\u0107 si\u0119 na r\u00f3\u017ca\u0144cu w Kaplicy Krzy\u017ca \u015awi\u0119tego w intencji pokoju na Ukrainie, o dobre prze\u017cycie Wielkiego Postu i w intencji przeb\u0142agalnej za wszystkie grzechy &nbsp; Plan [&hellip;]<\/p>\n","protected":false},"author":1,"featured_media":41695,"comment_status":"closed","ping_status":"open","sticky":false,"template":"","format":"standard","meta":{"footnotes":""},"categories":[69],"tags":[],"_links":{"self":[{"href":"http:\/\/www.farabrodnica.pl\/wordpress\/wp-json\/wp\/v2\/posts\/39151"}],"collection":[{"href":"http:\/\/www.farabrodnica.pl\/wordpress\/wp-json\/wp\/v2\/posts"}],"about":[{"href":"http:\/\/www.farabrodnica.pl\/wordpress\/wp-json\/wp\/v2\/types\/post"}],"author":[{"embeddable":true,"href":"http:\/\/www.farabrodnica.pl\/wordpress\/wp-json\/wp\/v2\/users\/1"}],"replies":[{"embeddable":true,"href":"http:\/\/www.farabrodnica.pl\/wordpress\/wp-json\/wp\/v2\/comments?post=39151"}],"version-history":[{"count":5,"href":"http:\/\/www.farabrodnica.pl\/wordpress\/wp-json\/wp\/v2\/posts\/39151\/revisions"}],"predecessor-version":[{"id":41696,"href":"http:\/\/www.farabrodnica.pl\/wordpress\/wp-json\/wp\/v2\/posts\/39151\/revisions\/41696"}],"wp:featuredmedia":[{"embeddable":true,"href":"http:\/\/www.farabrodnica.pl\/wordpress\/wp-json\/wp\/v2\/media\/41695"}],"wp:attachment":[{"href":"http:\/\/www.farabrodnica.pl\/wordpress\/wp-json\/wp\/v2\/media?parent=39151"}],"wp:term":[{"taxonomy":"category","embeddable":true,"href":"http:\/\/www.farabrodnica.pl\/wordpress\/wp-json\/wp\/v2\/categories?post=39151"},{"taxonomy":"post_tag","embeddable":true,"href":"http:\/\/www.farabrodnica.pl\/wordpress\/wp-json\/wp\/v2\/tags?post=39151"}],"curies":[{"name":"wp","href":"https:\/\/api.w.org\/{rel}","templated":true}]}}