{"id":39071,"date":"2022-02-24T17:39:58","date_gmt":"2022-02-24T16:39:58","guid":{"rendered":"http:\/\/www.farabrodnica.pl\/wordpress\/?p=39071"},"modified":"2022-02-25T20:53:08","modified_gmt":"2022-02-25T19:53:08","slug":"harcerze-swietowali-dzien-mysli-braterskiej","status":"publish","type":"post","link":"http:\/\/www.farabrodnica.pl\/wordpress\/2022\/02\/24\/harcerze-swietowali-dzien-mysli-braterskiej\/","title":{"rendered":"Harcerze \u015bwi\u0119towali DZIE\u0143 MY\u015aLI BRATERSKIEJ"},"content":{"rendered":"\t\t<div data-elementor-type=\"wp-post\" data-elementor-id=\"39071\" class=\"elementor elementor-39071\" data-elementor-post-type=\"post\">\n\t\t\t\t\t\t<section class=\"elementor-section elementor-top-section elementor-element elementor-element-8ed5644 elementor-section-boxed elementor-section-height-default elementor-section-height-default\" data-id=\"8ed5644\" data-element_type=\"section\" data-settings=\"{&quot;_ha_eqh_enable&quot;:false}\">\n\t\t\t\t\t\t<div class=\"elementor-container elementor-column-gap-default\">\n\t\t\t\t\t<div class=\"elementor-column elementor-col-100 elementor-top-column elementor-element elementor-element-f357e6d\" data-id=\"f357e6d\" data-element_type=\"column\">\n\t\t\t<div class=\"elementor-widget-wrap elementor-element-populated\">\n\t\t\t\t\t\t<div class=\"elementor-element elementor-element-87b78ec elementor-widget elementor-widget-text-editor\" data-id=\"87b78ec\" data-element_type=\"widget\" data-widget_type=\"text-editor.default\">\n\t\t\t\t<div class=\"elementor-widget-container\">\n\t\t\t\t\t\t\t<p style=\"text-align: justify;\">We wtorek 22 lutego 2022 wszyscy harcerze i skauci na ca\u0142ym \u015bwiecie obchodzili swoje \u015bwi\u0119to. Tak\u017ce w Brodnicy nasi harcerze \u015bwi\u0119towali. Uroczyste obchody rozpocz\u0119\u0142y si\u0119 w Domu Harcerza na ul.Ogrodowej. Z tego miejsca patrole wyrusza\u0142y &#8220;na miasto&#8221; aby wzi\u0105\u0107 udzia\u0142 w grze miejskiej. Po zako\u0144czeniu braterskich zmaga\u0144 przysz\u0142a chwila na wsp\u00f3lny \u015bpiew, rozdanie wyr\u00f3\u017cnie\u0144 i nagr\u00f3d oraz nominacji \ud83d\ude42 <\/p><p style=\"text-align: justify;\">\u015awi\u0119towanie u\u015bwietnia\u0142 niezast\u0105piony Harcerski Zesp\u00f3\u0142 &#8220;Pi\u0105ta Struna Basu&#8221;<\/p>\t\t\t\t\t\t<\/div>\n\t\t\t\t<\/div>\n\t\t\t\t\t<\/div>\n\t\t<\/div>\n\t\t\t\t\t<\/div>\n\t\t<\/section>\n\t\t\t\t<section class=\"elementor-section elementor-top-section elementor-element elementor-element-ed7b187 elementor-section-boxed elementor-section-height-default elementor-section-height-default\" data-id=\"ed7b187\" data-element_type=\"section\" data-settings=\"{&quot;_ha_eqh_enable&quot;:false}\">\n\t\t\t\t\t\t<div class=\"elementor-container elementor-column-gap-default\">\n\t\t\t\t\t<div class=\"elementor-column elementor-col-100 elementor-top-column elementor-element elementor-element-43c1199\" data-id=\"43c1199\" data-element_type=\"column\">\n\t\t\t<div class=\"elementor-widget-wrap elementor-element-populated\">\n\t\t\t\t\t\t<div class=\"elementor-element elementor-element-a2a043f elementor-widget elementor-widget-image\" data-id=\"a2a043f\" data-element_type=\"widget\" data-widget_type=\"image.default\">\n\t\t\t\t<div class=\"elementor-widget-container\">\n\t\t\t\t\t\t\t\t\t\t\t\t\t<img fetchpriority=\"high\" decoding=\"async\" width=\"930\" height=\"938\" src=\"http:\/\/www.farabrodnica.pl\/wordpress\/wp-content\/uploads\/2022\/02\/IMG_1774-1.jpg\" class=\"attachment-large size-large wp-image-39081\" alt=\"\" srcset=\"http:\/\/www.farabrodnica.pl\/wordpress\/wp-content\/uploads\/2022\/02\/IMG_1774-1.jpg 932w, http:\/\/www.farabrodnica.pl\/wordpress\/wp-content\/uploads\/2022\/02\/IMG_1774-1-297x300.jpg 297w, http:\/\/www.farabrodnica.pl\/wordpress\/wp-content\/uploads\/2022\/02\/IMG_1774-1-150x150.jpg 150w, http:\/\/www.farabrodnica.pl\/wordpress\/wp-content\/uploads\/2022\/02\/IMG_1774-1-768x775.jpg 768w\" sizes=\"(max-width: 930px) 100vw, 930px\" \/>\t\t\t\t\t\t\t\t\t\t\t\t\t<\/div>\n\t\t\t\t<\/div>\n\t\t\t\t\t<\/div>\n\t\t<\/div>\n\t\t\t\t\t<\/div>\n\t\t<\/section>\n\t\t\t\t<section class=\"elementor-section elementor-top-section elementor-element elementor-element-003becf elementor-section-boxed elementor-section-height-default elementor-section-height-default\" data-id=\"003becf\" data-element_type=\"section\" data-settings=\"{&quot;_ha_eqh_enable&quot;:false}\">\n\t\t\t\t\t\t<div class=\"elementor-container elementor-column-gap-default\">\n\t\t\t\t\t<div class=\"elementor-column elementor-col-100 elementor-top-column elementor-element elementor-element-c4f711b\" data-id=\"c4f711b\" data-element_type=\"column\">\n\t\t\t<div class=\"elementor-widget-wrap elementor-element-populated\">\n\t\t\t\t\t\t<div class=\"elementor-element elementor-element-4487b40 elementor-widget elementor-widget-gallery\" data-id=\"4487b40\" data-element_type=\"widget\" data-settings=\"{&quot;gallery_layout&quot;:&quot;justified&quot;,&quot;lazyload&quot;:&quot;yes&quot;,&quot;ideal_row_height&quot;:{&quot;unit&quot;:&quot;px&quot;,&quot;size&quot;:200,&quot;sizes&quot;:[]},&quot;ideal_row_height_tablet&quot;:{&quot;unit&quot;:&quot;px&quot;,&quot;size&quot;:150,&quot;sizes&quot;:[]},&quot;ideal_row_height_mobile&quot;:{&quot;unit&quot;:&quot;px&quot;,&quot;size&quot;:150,&quot;sizes&quot;:[]},&quot;gap&quot;:{&quot;unit&quot;:&quot;px&quot;,&quot;size&quot;:10,&quot;sizes&quot;:[]},&quot;gap_tablet&quot;:{&quot;unit&quot;:&quot;px&quot;,&quot;size&quot;:10,&quot;sizes&quot;:[]},&quot;gap_mobile&quot;:{&quot;unit&quot;:&quot;px&quot;,&quot;size&quot;:10,&quot;sizes&quot;:[]},&quot;link_to&quot;:&quot;file&quot;,&quot;overlay_background&quot;:&quot;yes&quot;,&quot;content_hover_animation&quot;:&quot;fade-in&quot;}\" data-widget_type=\"gallery.default\">\n\t\t\t\t<div class=\"elementor-widget-container\">\n\t\t\t\t\t<div class=\"elementor-gallery__container\">\n\t\t\t\t\t\t\t<a class=\"e-gallery-item elementor-gallery-item elementor-animated-content\" href=\"http:\/\/www.farabrodnica.pl\/wordpress\/wp-content\/uploads\/2022\/02\/Dzien\u0301-Mys\u0301li-Braterskiej-202258.jpg\" data-elementor-open-lightbox=\"yes\" data-elementor-lightbox-slideshow=\"4487b40\" data-elementor-lightbox-title=\"Dzien\u0301 Mys\u0301li Braterskiej 202258\" data-e-action-hash=\"#elementor-action%3Aaction%3Dlightbox%26settings%3DeyJpZCI6MzkwODIsInVybCI6Imh0dHA6XC9cL3d3dy5mYXJhYnJvZG5pY2EucGxcL3dvcmRwcmVzc1wvd3AtY29udGVudFwvdXBsb2Fkc1wvMjAyMlwvMDJcL0R6aWVuXHUwMzAxLU15c1x1MDMwMWxpLUJyYXRlcnNraWVqLTIwMjI1OC5qcGciLCJzbGlkZXNob3ciOiI0NDg3YjQwIn0%3D\">\n\t\t\t\t\t<div class=\"e-gallery-image elementor-gallery-item__image\" data-thumbnail=\"http:\/\/www.farabrodnica.pl\/wordpress\/wp-content\/uploads\/2022\/02\/Dzien\u0301-Mys\u0301li-Braterskiej-202258-300x225.jpg\" data-width=\"300\" data-height=\"225\" aria-label=\"\" role=\"img\" ><\/div>\n\t\t\t\t\t\t\t\t\t\t\t<div class=\"elementor-gallery-item__overlay\"><\/div>\n\t\t\t\t\t\t\t\t\t\t\t\t\t\t<\/a>\n\t\t\t\t\t\t\t<a class=\"e-gallery-item elementor-gallery-item elementor-animated-content\" href=\"http:\/\/www.farabrodnica.pl\/wordpress\/wp-content\/uploads\/2022\/02\/Dzien\u0301-Mys\u0301li-Braterskiej-202257.jpg\" data-elementor-open-lightbox=\"yes\" data-elementor-lightbox-slideshow=\"4487b40\" data-elementor-lightbox-title=\"Dzien\u0301 Mys\u0301li Braterskiej 202257\" data-e-action-hash=\"#elementor-action%3Aaction%3Dlightbox%26settings%3DeyJpZCI6MzkwODMsInVybCI6Imh0dHA6XC9cL3d3dy5mYXJhYnJvZG5pY2EucGxcL3dvcmRwcmVzc1wvd3AtY29udGVudFwvdXBsb2Fkc1wvMjAyMlwvMDJcL0R6aWVuXHUwMzAxLU15c1x1MDMwMWxpLUJyYXRlcnNraWVqLTIwMjI1Ny5qcGciLCJzbGlkZXNob3ciOiI0NDg3YjQwIn0%3D\">\n\t\t\t\t\t<div class=\"e-gallery-image elementor-gallery-item__image\" data-thumbnail=\"http:\/\/www.farabrodnica.pl\/wordpress\/wp-content\/uploads\/2022\/02\/Dzien\u0301-Mys\u0301li-Braterskiej-202257-300x225.jpg\" data-width=\"300\" data-height=\"225\" aria-label=\"\" role=\"img\" ><\/div>\n\t\t\t\t\t\t\t\t\t\t\t<div class=\"elementor-gallery-item__overlay\"><\/div>\n\t\t\t\t\t\t\t\t\t\t\t\t\t\t<\/a>\n\t\t\t\t\t\t\t<a class=\"e-gallery-item elementor-gallery-item elementor-animated-content\" href=\"http:\/\/www.farabrodnica.pl\/wordpress\/wp-content\/uploads\/2022\/02\/Dzien\u0301-Mys\u0301li-Braterskiej-202256.jpg\" data-elementor-open-lightbox=\"yes\" data-elementor-lightbox-slideshow=\"4487b40\" data-elementor-lightbox-title=\"Dzien\u0301 Mys\u0301li Braterskiej 202256\" data-e-action-hash=\"#elementor-action%3Aaction%3Dlightbox%26settings%3DeyJpZCI6MzkwODQsInVybCI6Imh0dHA6XC9cL3d3dy5mYXJhYnJvZG5pY2EucGxcL3dvcmRwcmVzc1wvd3AtY29udGVudFwvdXBsb2Fkc1wvMjAyMlwvMDJcL0R6aWVuXHUwMzAxLU15c1x1MDMwMWxpLUJyYXRlcnNraWVqLTIwMjI1Ni5qcGciLCJzbGlkZXNob3ciOiI0NDg3YjQwIn0%3D\">\n\t\t\t\t\t<div class=\"e-gallery-image elementor-gallery-item__image\" data-thumbnail=\"http:\/\/www.farabrodnica.pl\/wordpress\/wp-content\/uploads\/2022\/02\/Dzien\u0301-Mys\u0301li-Braterskiej-202256-300x225.jpg\" data-width=\"300\" data-height=\"225\" aria-label=\"\" role=\"img\" ><\/div>\n\t\t\t\t\t\t\t\t\t\t\t<div class=\"elementor-gallery-item__overlay\"><\/div>\n\t\t\t\t\t\t\t\t\t\t\t\t\t\t<\/a>\n\t\t\t\t\t\t\t<a class=\"e-gallery-item elementor-gallery-item elementor-animated-content\" href=\"http:\/\/www.farabrodnica.pl\/wordpress\/wp-content\/uploads\/2022\/02\/Dzien\u0301-Mys\u0301li-Braterskiej-202255.jpg\" data-elementor-open-lightbox=\"yes\" data-elementor-lightbox-slideshow=\"4487b40\" data-elementor-lightbox-title=\"Dzien\u0301 Mys\u0301li Braterskiej 202255\" data-e-action-hash=\"#elementor-action%3Aaction%3Dlightbox%26settings%3DeyJpZCI6MzkwODUsInVybCI6Imh0dHA6XC9cL3d3dy5mYXJhYnJvZG5pY2EucGxcL3dvcmRwcmVzc1wvd3AtY29udGVudFwvdXBsb2Fkc1wvMjAyMlwvMDJcL0R6aWVuXHUwMzAxLU15c1x1MDMwMWxpLUJyYXRlcnNraWVqLTIwMjI1NS5qcGciLCJzbGlkZXNob3ciOiI0NDg3YjQwIn0%3D\">\n\t\t\t\t\t<div class=\"e-gallery-image elementor-gallery-item__image\" data-thumbnail=\"http:\/\/www.farabrodnica.pl\/wordpress\/wp-content\/uploads\/2022\/02\/Dzien\u0301-Mys\u0301li-Braterskiej-202255-300x225.jpg\" data-width=\"300\" data-height=\"225\" aria-label=\"\" role=\"img\" ><\/div>\n\t\t\t\t\t\t\t\t\t\t\t<div class=\"elementor-gallery-item__overlay\"><\/div>\n\t\t\t\t\t\t\t\t\t\t\t\t\t\t<\/a>\n\t\t\t\t\t\t\t<a class=\"e-gallery-item elementor-gallery-item elementor-animated-content\" href=\"http:\/\/www.farabrodnica.pl\/wordpress\/wp-content\/uploads\/2022\/02\/Dzien\u0301-Mys\u0301li-Braterskiej-202254.jpg\" data-elementor-open-lightbox=\"yes\" data-elementor-lightbox-slideshow=\"4487b40\" data-elementor-lightbox-title=\"Dzien\u0301 Mys\u0301li Braterskiej 202254\" data-e-action-hash=\"#elementor-action%3Aaction%3Dlightbox%26settings%3DeyJpZCI6MzkwODYsInVybCI6Imh0dHA6XC9cL3d3dy5mYXJhYnJvZG5pY2EucGxcL3dvcmRwcmVzc1wvd3AtY29udGVudFwvdXBsb2Fkc1wvMjAyMlwvMDJcL0R6aWVuXHUwMzAxLU15c1x1MDMwMWxpLUJyYXRlcnNraWVqLTIwMjI1NC5qcGciLCJzbGlkZXNob3ciOiI0NDg3YjQwIn0%3D\">\n\t\t\t\t\t<div class=\"e-gallery-image elementor-gallery-item__image\" data-thumbnail=\"http:\/\/www.farabrodnica.pl\/wordpress\/wp-content\/uploads\/2022\/02\/Dzien\u0301-Mys\u0301li-Braterskiej-202254-300x225.jpg\" data-width=\"300\" data-height=\"225\" aria-label=\"\" role=\"img\" ><\/div>\n\t\t\t\t\t\t\t\t\t\t\t<div class=\"elementor-gallery-item__overlay\"><\/div>\n\t\t\t\t\t\t\t\t\t\t\t\t\t\t<\/a>\n\t\t\t\t\t\t\t<a class=\"e-gallery-item elementor-gallery-item elementor-animated-content\" href=\"http:\/\/www.farabrodnica.pl\/wordpress\/wp-content\/uploads\/2022\/02\/Dzien\u0301-Mys\u0301li-Braterskiej-202253.jpg\" data-elementor-open-lightbox=\"yes\" data-elementor-lightbox-slideshow=\"4487b40\" data-elementor-lightbox-title=\"Dzien\u0301 Mys\u0301li Braterskiej 202253\" data-e-action-hash=\"#elementor-action%3Aaction%3Dlightbox%26settings%3DeyJpZCI6MzkwODcsInVybCI6Imh0dHA6XC9cL3d3dy5mYXJhYnJvZG5pY2EucGxcL3dvcmRwcmVzc1wvd3AtY29udGVudFwvdXBsb2Fkc1wvMjAyMlwvMDJcL0R6aWVuXHUwMzAxLU15c1x1MDMwMWxpLUJyYXRlcnNraWVqLTIwMjI1My5qcGciLCJzbGlkZXNob3ciOiI0NDg3YjQwIn0%3D\">\n\t\t\t\t\t<div class=\"e-gallery-image elementor-gallery-item__image\" data-thumbnail=\"http:\/\/www.farabrodnica.pl\/wordpress\/wp-content\/uploads\/2022\/02\/Dzien\u0301-Mys\u0301li-Braterskiej-202253-300x225.jpg\" data-width=\"300\" data-height=\"225\" aria-label=\"\" role=\"img\" ><\/div>\n\t\t\t\t\t\t\t\t\t\t\t<div class=\"elementor-gallery-item__overlay\"><\/div>\n\t\t\t\t\t\t\t\t\t\t\t\t\t\t<\/a>\n\t\t\t\t\t\t\t<a class=\"e-gallery-item elementor-gallery-item elementor-animated-content\" href=\"http:\/\/www.farabrodnica.pl\/wordpress\/wp-content\/uploads\/2022\/02\/Dzien\u0301-Mys\u0301li-Braterskiej-202252.jpg\" data-elementor-open-lightbox=\"yes\" data-elementor-lightbox-slideshow=\"4487b40\" data-elementor-lightbox-title=\"Dzien\u0301 Mys\u0301li Braterskiej 202252\" data-e-action-hash=\"#elementor-action%3Aaction%3Dlightbox%26settings%3DeyJpZCI6MzkwODgsInVybCI6Imh0dHA6XC9cL3d3dy5mYXJhYnJvZG5pY2EucGxcL3dvcmRwcmVzc1wvd3AtY29udGVudFwvdXBsb2Fkc1wvMjAyMlwvMDJcL0R6aWVuXHUwMzAxLU15c1x1MDMwMWxpLUJyYXRlcnNraWVqLTIwMjI1Mi5qcGciLCJzbGlkZXNob3ciOiI0NDg3YjQwIn0%3D\">\n\t\t\t\t\t<div class=\"e-gallery-image elementor-gallery-item__image\" data-thumbnail=\"http:\/\/www.farabrodnica.pl\/wordpress\/wp-content\/uploads\/2022\/02\/Dzien\u0301-Mys\u0301li-Braterskiej-202252-300x225.jpg\" data-width=\"300\" data-height=\"225\" aria-label=\"\" role=\"img\" ><\/div>\n\t\t\t\t\t\t\t\t\t\t\t<div class=\"elementor-gallery-item__overlay\"><\/div>\n\t\t\t\t\t\t\t\t\t\t\t\t\t\t<\/a>\n\t\t\t\t\t\t\t<a class=\"e-gallery-item elementor-gallery-item elementor-animated-content\" href=\"http:\/\/www.farabrodnica.pl\/wordpress\/wp-content\/uploads\/2022\/02\/Dzien\u0301-Mys\u0301li-Braterskiej-202249.jpg\" data-elementor-open-lightbox=\"yes\" data-elementor-lightbox-slideshow=\"4487b40\" data-elementor-lightbox-title=\"Dzien\u0301 Mys\u0301li Braterskiej 202249\" data-e-action-hash=\"#elementor-action%3Aaction%3Dlightbox%26settings%3DeyJpZCI6MzkwOTEsInVybCI6Imh0dHA6XC9cL3d3dy5mYXJhYnJvZG5pY2EucGxcL3dvcmRwcmVzc1wvd3AtY29udGVudFwvdXBsb2Fkc1wvMjAyMlwvMDJcL0R6aWVuXHUwMzAxLU15c1x1MDMwMWxpLUJyYXRlcnNraWVqLTIwMjI0OS5qcGciLCJzbGlkZXNob3ciOiI0NDg3YjQwIn0%3D\">\n\t\t\t\t\t<div class=\"e-gallery-image elementor-gallery-item__image\" data-thumbnail=\"http:\/\/www.farabrodnica.pl\/wordpress\/wp-content\/uploads\/2022\/02\/Dzien\u0301-Mys\u0301li-Braterskiej-202249-300x225.jpg\" data-width=\"300\" data-height=\"225\" aria-label=\"\" role=\"img\" ><\/div>\n\t\t\t\t\t\t\t\t\t\t\t<div class=\"elementor-gallery-item__overlay\"><\/div>\n\t\t\t\t\t\t\t\t\t\t\t\t\t\t<\/a>\n\t\t\t\t\t\t\t<a class=\"e-gallery-item elementor-gallery-item elementor-animated-content\" href=\"http:\/\/www.farabrodnica.pl\/wordpress\/wp-content\/uploads\/2022\/02\/Dzien\u0301-Mys\u0301li-Braterskiej-202248.jpg\" data-elementor-open-lightbox=\"yes\" data-elementor-lightbox-slideshow=\"4487b40\" data-elementor-lightbox-title=\"Dzien\u0301 Mys\u0301li Braterskiej 202248\" data-e-action-hash=\"#elementor-action%3Aaction%3Dlightbox%26settings%3DeyJpZCI6MzkwOTIsInVybCI6Imh0dHA6XC9cL3d3dy5mYXJhYnJvZG5pY2EucGxcL3dvcmRwcmVzc1wvd3AtY29udGVudFwvdXBsb2Fkc1wvMjAyMlwvMDJcL0R6aWVuXHUwMzAxLU15c1x1MDMwMWxpLUJyYXRlcnNraWVqLTIwMjI0OC5qcGciLCJzbGlkZXNob3ciOiI0NDg3YjQwIn0%3D\">\n\t\t\t\t\t<div class=\"e-gallery-image elementor-gallery-item__image\" data-thumbnail=\"http:\/\/www.farabrodnica.pl\/wordpress\/wp-content\/uploads\/2022\/02\/Dzien\u0301-Mys\u0301li-Braterskiej-202248-300x225.jpg\" data-width=\"300\" data-height=\"225\" aria-label=\"\" role=\"img\" ><\/div>\n\t\t\t\t\t\t\t\t\t\t\t<div class=\"elementor-gallery-item__overlay\"><\/div>\n\t\t\t\t\t\t\t\t\t\t\t\t\t\t<\/a>\n\t\t\t\t\t\t\t<a class=\"e-gallery-item elementor-gallery-item elementor-animated-content\" href=\"http:\/\/www.farabrodnica.pl\/wordpress\/wp-content\/uploads\/2022\/02\/Dzien\u0301-Mys\u0301li-Braterskiej-202244.jpg\" data-elementor-open-lightbox=\"yes\" data-elementor-lightbox-slideshow=\"4487b40\" data-elementor-lightbox-title=\"Dzien\u0301 Mys\u0301li Braterskiej 202244\" data-e-action-hash=\"#elementor-action%3Aaction%3Dlightbox%26settings%3DeyJpZCI6MzkwOTMsInVybCI6Imh0dHA6XC9cL3d3dy5mYXJhYnJvZG5pY2EucGxcL3dvcmRwcmVzc1wvd3AtY29udGVudFwvdXBsb2Fkc1wvMjAyMlwvMDJcL0R6aWVuXHUwMzAxLU15c1x1MDMwMWxpLUJyYXRlcnNraWVqLTIwMjI0NC5qcGciLCJzbGlkZXNob3ciOiI0NDg3YjQwIn0%3D\">\n\t\t\t\t\t<div class=\"e-gallery-image elementor-gallery-item__image\" data-thumbnail=\"http:\/\/www.farabrodnica.pl\/wordpress\/wp-content\/uploads\/2022\/02\/Dzien\u0301-Mys\u0301li-Braterskiej-202244-300x225.jpg\" data-width=\"300\" data-height=\"225\" aria-label=\"\" role=\"img\" ><\/div>\n\t\t\t\t\t\t\t\t\t\t\t<div class=\"elementor-gallery-item__overlay\"><\/div>\n\t\t\t\t\t\t\t\t\t\t\t\t\t\t<\/a>\n\t\t\t\t\t\t\t<a class=\"e-gallery-item elementor-gallery-item elementor-animated-content\" href=\"http:\/\/www.farabrodnica.pl\/wordpress\/wp-content\/uploads\/2022\/02\/Dzien\u0301-Mys\u0301li-Braterskiej-202240.jpg\" data-elementor-open-lightbox=\"yes\" data-elementor-lightbox-slideshow=\"4487b40\" data-elementor-lightbox-title=\"Dzien\u0301 Mys\u0301li Braterskiej 202240\" data-e-action-hash=\"#elementor-action%3Aaction%3Dlightbox%26settings%3DeyJpZCI6MzkwOTQsInVybCI6Imh0dHA6XC9cL3d3dy5mYXJhYnJvZG5pY2EucGxcL3dvcmRwcmVzc1wvd3AtY29udGVudFwvdXBsb2Fkc1wvMjAyMlwvMDJcL0R6aWVuXHUwMzAxLU15c1x1MDMwMWxpLUJyYXRlcnNraWVqLTIwMjI0MC5qcGciLCJzbGlkZXNob3ciOiI0NDg3YjQwIn0%3D\">\n\t\t\t\t\t<div class=\"e-gallery-image elementor-gallery-item__image\" data-thumbnail=\"http:\/\/www.farabrodnica.pl\/wordpress\/wp-content\/uploads\/2022\/02\/Dzien\u0301-Mys\u0301li-Braterskiej-202240-300x225.jpg\" data-width=\"300\" data-height=\"225\" aria-label=\"\" role=\"img\" ><\/div>\n\t\t\t\t\t\t\t\t\t\t\t<div class=\"elementor-gallery-item__overlay\"><\/div>\n\t\t\t\t\t\t\t\t\t\t\t\t\t\t<\/a>\n\t\t\t\t\t\t\t<a class=\"e-gallery-item elementor-gallery-item elementor-animated-content\" href=\"http:\/\/www.farabrodnica.pl\/wordpress\/wp-content\/uploads\/2022\/02\/Dzien\u0301-Mys\u0301li-Braterskiej-202231.jpg\" data-elementor-open-lightbox=\"yes\" data-elementor-lightbox-slideshow=\"4487b40\" data-elementor-lightbox-title=\"Dzien\u0301 Mys\u0301li Braterskiej 202231\" data-e-action-hash=\"#elementor-action%3Aaction%3Dlightbox%26settings%3DeyJpZCI6MzkwOTUsInVybCI6Imh0dHA6XC9cL3d3dy5mYXJhYnJvZG5pY2EucGxcL3dvcmRwcmVzc1wvd3AtY29udGVudFwvdXBsb2Fkc1wvMjAyMlwvMDJcL0R6aWVuXHUwMzAxLU15c1x1MDMwMWxpLUJyYXRlcnNraWVqLTIwMjIzMS5qcGciLCJzbGlkZXNob3ciOiI0NDg3YjQwIn0%3D\">\n\t\t\t\t\t<div class=\"e-gallery-image elementor-gallery-item__image\" data-thumbnail=\"http:\/\/www.farabrodnica.pl\/wordpress\/wp-content\/uploads\/2022\/02\/Dzien\u0301-Mys\u0301li-Braterskiej-202231-300x225.jpg\" data-width=\"300\" data-height=\"225\" aria-label=\"\" role=\"img\" ><\/div>\n\t\t\t\t\t\t\t\t\t\t\t<div class=\"elementor-gallery-item__overlay\"><\/div>\n\t\t\t\t\t\t\t\t\t\t\t\t\t\t<\/a>\n\t\t\t\t\t\t\t<a class=\"e-gallery-item elementor-gallery-item elementor-animated-content\" href=\"http:\/\/www.farabrodnica.pl\/wordpress\/wp-content\/uploads\/2022\/02\/Dzien\u0301-Mys\u0301li-Braterskiej-202230.jpg\" data-elementor-open-lightbox=\"yes\" data-elementor-lightbox-slideshow=\"4487b40\" data-elementor-lightbox-title=\"Dzien\u0301 Mys\u0301li Braterskiej 202230\" data-e-action-hash=\"#elementor-action%3Aaction%3Dlightbox%26settings%3DeyJpZCI6MzkwOTYsInVybCI6Imh0dHA6XC9cL3d3dy5mYXJhYnJvZG5pY2EucGxcL3dvcmRwcmVzc1wvd3AtY29udGVudFwvdXBsb2Fkc1wvMjAyMlwvMDJcL0R6aWVuXHUwMzAxLU15c1x1MDMwMWxpLUJyYXRlcnNraWVqLTIwMjIzMC5qcGciLCJzbGlkZXNob3ciOiI0NDg3YjQwIn0%3D\">\n\t\t\t\t\t<div class=\"e-gallery-image elementor-gallery-item__image\" data-thumbnail=\"http:\/\/www.farabrodnica.pl\/wordpress\/wp-content\/uploads\/2022\/02\/Dzien\u0301-Mys\u0301li-Braterskiej-202230-300x225.jpg\" data-width=\"300\" data-height=\"225\" aria-label=\"\" role=\"img\" ><\/div>\n\t\t\t\t\t\t\t\t\t\t\t<div class=\"elementor-gallery-item__overlay\"><\/div>\n\t\t\t\t\t\t\t\t\t\t\t\t\t\t<\/a>\n\t\t\t\t\t\t\t<a class=\"e-gallery-item elementor-gallery-item elementor-animated-content\" href=\"http:\/\/www.farabrodnica.pl\/wordpress\/wp-content\/uploads\/2022\/02\/Dzien\u0301-Mys\u0301li-Braterskiej-202227.jpg\" data-elementor-open-lightbox=\"yes\" data-elementor-lightbox-slideshow=\"4487b40\" data-elementor-lightbox-title=\"Dzien\u0301 Mys\u0301li Braterskiej 202227\" data-e-action-hash=\"#elementor-action%3Aaction%3Dlightbox%26settings%3DeyJpZCI6MzkwOTcsInVybCI6Imh0dHA6XC9cL3d3dy5mYXJhYnJvZG5pY2EucGxcL3dvcmRwcmVzc1wvd3AtY29udGVudFwvdXBsb2Fkc1wvMjAyMlwvMDJcL0R6aWVuXHUwMzAxLU15c1x1MDMwMWxpLUJyYXRlcnNraWVqLTIwMjIyNy5qcGciLCJzbGlkZXNob3ciOiI0NDg3YjQwIn0%3D\">\n\t\t\t\t\t<div class=\"e-gallery-image elementor-gallery-item__image\" data-thumbnail=\"http:\/\/www.farabrodnica.pl\/wordpress\/wp-content\/uploads\/2022\/02\/Dzien\u0301-Mys\u0301li-Braterskiej-202227-300x225.jpg\" data-width=\"300\" data-height=\"225\" aria-label=\"\" role=\"img\" ><\/div>\n\t\t\t\t\t\t\t\t\t\t\t<div class=\"elementor-gallery-item__overlay\"><\/div>\n\t\t\t\t\t\t\t\t\t\t\t\t\t\t<\/a>\n\t\t\t\t\t\t\t<a class=\"e-gallery-item elementor-gallery-item elementor-animated-content\" href=\"http:\/\/www.farabrodnica.pl\/wordpress\/wp-content\/uploads\/2022\/02\/Dzien\u0301-Mys\u0301li-Braterskiej-202226.jpg\" data-elementor-open-lightbox=\"yes\" data-elementor-lightbox-slideshow=\"4487b40\" data-elementor-lightbox-title=\"Dzien\u0301 Mys\u0301li Braterskiej 202226\" data-e-action-hash=\"#elementor-action%3Aaction%3Dlightbox%26settings%3DeyJpZCI6MzkwOTgsInVybCI6Imh0dHA6XC9cL3d3dy5mYXJhYnJvZG5pY2EucGxcL3dvcmRwcmVzc1wvd3AtY29udGVudFwvdXBsb2Fkc1wvMjAyMlwvMDJcL0R6aWVuXHUwMzAxLU15c1x1MDMwMWxpLUJyYXRlcnNraWVqLTIwMjIyNi5qcGciLCJzbGlkZXNob3ciOiI0NDg3YjQwIn0%3D\">\n\t\t\t\t\t<div class=\"e-gallery-image elementor-gallery-item__image\" data-thumbnail=\"http:\/\/www.farabrodnica.pl\/wordpress\/wp-content\/uploads\/2022\/02\/Dzien\u0301-Mys\u0301li-Braterskiej-202226-300x225.jpg\" data-width=\"300\" data-height=\"225\" aria-label=\"\" role=\"img\" ><\/div>\n\t\t\t\t\t\t\t\t\t\t\t<div class=\"elementor-gallery-item__overlay\"><\/div>\n\t\t\t\t\t\t\t\t\t\t\t\t\t\t<\/a>\n\t\t\t\t\t\t\t<a class=\"e-gallery-item elementor-gallery-item elementor-animated-content\" href=\"http:\/\/www.farabrodnica.pl\/wordpress\/wp-content\/uploads\/2022\/02\/Dzien\u0301-Mys\u0301li-Braterskiej-202225.jpg\" data-elementor-open-lightbox=\"yes\" data-elementor-lightbox-slideshow=\"4487b40\" data-elementor-lightbox-title=\"Dzien\u0301 Mys\u0301li Braterskiej 202225\" data-e-action-hash=\"#elementor-action%3Aaction%3Dlightbox%26settings%3DeyJpZCI6MzkxMDAsInVybCI6Imh0dHA6XC9cL3d3dy5mYXJhYnJvZG5pY2EucGxcL3dvcmRwcmVzc1wvd3AtY29udGVudFwvdXBsb2Fkc1wvMjAyMlwvMDJcL0R6aWVuXHUwMzAxLU15c1x1MDMwMWxpLUJyYXRlcnNraWVqLTIwMjIyNS5qcGciLCJzbGlkZXNob3ciOiI0NDg3YjQwIn0%3D\">\n\t\t\t\t\t<div class=\"e-gallery-image elementor-gallery-item__image\" data-thumbnail=\"http:\/\/www.farabrodnica.pl\/wordpress\/wp-content\/uploads\/2022\/02\/Dzien\u0301-Mys\u0301li-Braterskiej-202225-300x225.jpg\" data-width=\"300\" data-height=\"225\" aria-label=\"\" role=\"img\" ><\/div>\n\t\t\t\t\t\t\t\t\t\t\t<div class=\"elementor-gallery-item__overlay\"><\/div>\n\t\t\t\t\t\t\t\t\t\t\t\t\t\t<\/a>\n\t\t\t\t\t\t\t<a class=\"e-gallery-item elementor-gallery-item elementor-animated-content\" href=\"http:\/\/www.farabrodnica.pl\/wordpress\/wp-content\/uploads\/2022\/02\/Dzien\u0301-Mys\u0301li-Braterskiej-202223.jpg\" data-elementor-open-lightbox=\"yes\" data-elementor-lightbox-slideshow=\"4487b40\" data-elementor-lightbox-title=\"Dzien\u0301 Mys\u0301li Braterskiej 202223\" data-e-action-hash=\"#elementor-action%3Aaction%3Dlightbox%26settings%3DeyJpZCI6MzkxMDEsInVybCI6Imh0dHA6XC9cL3d3dy5mYXJhYnJvZG5pY2EucGxcL3dvcmRwcmVzc1wvd3AtY29udGVudFwvdXBsb2Fkc1wvMjAyMlwvMDJcL0R6aWVuXHUwMzAxLU15c1x1MDMwMWxpLUJyYXRlcnNraWVqLTIwMjIyMy5qcGciLCJzbGlkZXNob3ciOiI0NDg3YjQwIn0%3D\">\n\t\t\t\t\t<div class=\"e-gallery-image elementor-gallery-item__image\" data-thumbnail=\"http:\/\/www.farabrodnica.pl\/wordpress\/wp-content\/uploads\/2022\/02\/Dzien\u0301-Mys\u0301li-Braterskiej-202223-300x225.jpg\" data-width=\"300\" data-height=\"225\" aria-label=\"\" role=\"img\" ><\/div>\n\t\t\t\t\t\t\t\t\t\t\t<div class=\"elementor-gallery-item__overlay\"><\/div>\n\t\t\t\t\t\t\t\t\t\t\t\t\t\t<\/a>\n\t\t\t\t\t\t\t<a class=\"e-gallery-item elementor-gallery-item elementor-animated-content\" href=\"http:\/\/www.farabrodnica.pl\/wordpress\/wp-content\/uploads\/2022\/02\/Dzien\u0301-Mys\u0301li-Braterskiej-202222.jpg\" data-elementor-open-lightbox=\"yes\" data-elementor-lightbox-slideshow=\"4487b40\" data-elementor-lightbox-title=\"Dzien\u0301 Mys\u0301li Braterskiej 202222\" data-e-action-hash=\"#elementor-action%3Aaction%3Dlightbox%26settings%3DeyJpZCI6MzkxMDIsInVybCI6Imh0dHA6XC9cL3d3dy5mYXJhYnJvZG5pY2EucGxcL3dvcmRwcmVzc1wvd3AtY29udGVudFwvdXBsb2Fkc1wvMjAyMlwvMDJcL0R6aWVuXHUwMzAxLU15c1x1MDMwMWxpLUJyYXRlcnNraWVqLTIwMjIyMi5qcGciLCJzbGlkZXNob3ciOiI0NDg3YjQwIn0%3D\">\n\t\t\t\t\t<div class=\"e-gallery-image elementor-gallery-item__image\" data-thumbnail=\"http:\/\/www.farabrodnica.pl\/wordpress\/wp-content\/uploads\/2022\/02\/Dzien\u0301-Mys\u0301li-Braterskiej-202222-300x225.jpg\" data-width=\"300\" data-height=\"225\" aria-label=\"\" role=\"img\" ><\/div>\n\t\t\t\t\t\t\t\t\t\t\t<div class=\"elementor-gallery-item__overlay\"><\/div>\n\t\t\t\t\t\t\t\t\t\t\t\t\t\t<\/a>\n\t\t\t\t\t\t\t<a class=\"e-gallery-item elementor-gallery-item elementor-animated-content\" href=\"http:\/\/www.farabrodnica.pl\/wordpress\/wp-content\/uploads\/2022\/02\/Dzien\u0301-Mys\u0301li-Braterskiej-202221.jpg\" data-elementor-open-lightbox=\"yes\" data-elementor-lightbox-slideshow=\"4487b40\" data-elementor-lightbox-title=\"Dzien\u0301 Mys\u0301li Braterskiej 202221\" data-e-action-hash=\"#elementor-action%3Aaction%3Dlightbox%26settings%3DeyJpZCI6MzkxMDMsInVybCI6Imh0dHA6XC9cL3d3dy5mYXJhYnJvZG5pY2EucGxcL3dvcmRwcmVzc1wvd3AtY29udGVudFwvdXBsb2Fkc1wvMjAyMlwvMDJcL0R6aWVuXHUwMzAxLU15c1x1MDMwMWxpLUJyYXRlcnNraWVqLTIwMjIyMS5qcGciLCJzbGlkZXNob3ciOiI0NDg3YjQwIn0%3D\">\n\t\t\t\t\t<div class=\"e-gallery-image elementor-gallery-item__image\" data-thumbnail=\"http:\/\/www.farabrodnica.pl\/wordpress\/wp-content\/uploads\/2022\/02\/Dzien\u0301-Mys\u0301li-Braterskiej-202221-300x225.jpg\" data-width=\"300\" data-height=\"225\" aria-label=\"\" role=\"img\" ><\/div>\n\t\t\t\t\t\t\t\t\t\t\t<div class=\"elementor-gallery-item__overlay\"><\/div>\n\t\t\t\t\t\t\t\t\t\t\t\t\t\t<\/a>\n\t\t\t\t\t\t\t<a class=\"e-gallery-item elementor-gallery-item elementor-animated-content\" href=\"http:\/\/www.farabrodnica.pl\/wordpress\/wp-content\/uploads\/2022\/02\/Dzien\u0301-Mys\u0301li-Braterskiej-202220.jpg\" data-elementor-open-lightbox=\"yes\" data-elementor-lightbox-slideshow=\"4487b40\" data-elementor-lightbox-title=\"Dzien\u0301 Mys\u0301li Braterskiej 202220\" data-e-action-hash=\"#elementor-action%3Aaction%3Dlightbox%26settings%3DeyJpZCI6MzkxMDQsInVybCI6Imh0dHA6XC9cL3d3dy5mYXJhYnJvZG5pY2EucGxcL3dvcmRwcmVzc1wvd3AtY29udGVudFwvdXBsb2Fkc1wvMjAyMlwvMDJcL0R6aWVuXHUwMzAxLU15c1x1MDMwMWxpLUJyYXRlcnNraWVqLTIwMjIyMC5qcGciLCJzbGlkZXNob3ciOiI0NDg3YjQwIn0%3D\">\n\t\t\t\t\t<div class=\"e-gallery-image elementor-gallery-item__image\" data-thumbnail=\"http:\/\/www.farabrodnica.pl\/wordpress\/wp-content\/uploads\/2022\/02\/Dzien\u0301-Mys\u0301li-Braterskiej-202220-300x225.jpg\" data-width=\"300\" data-height=\"225\" aria-label=\"\" role=\"img\" ><\/div>\n\t\t\t\t\t\t\t\t\t\t\t<div class=\"elementor-gallery-item__overlay\"><\/div>\n\t\t\t\t\t\t\t\t\t\t\t\t\t\t<\/a>\n\t\t\t\t\t\t\t<a class=\"e-gallery-item elementor-gallery-item elementor-animated-content\" href=\"http:\/\/www.farabrodnica.pl\/wordpress\/wp-content\/uploads\/2022\/02\/Dzien\u0301-Mys\u0301li-Braterskiej-202219.jpg\" data-elementor-open-lightbox=\"yes\" data-elementor-lightbox-slideshow=\"4487b40\" data-elementor-lightbox-title=\"Dzien\u0301 Mys\u0301li Braterskiej 202219\" data-e-action-hash=\"#elementor-action%3Aaction%3Dlightbox%26settings%3DeyJpZCI6MzkxMDUsInVybCI6Imh0dHA6XC9cL3d3dy5mYXJhYnJvZG5pY2EucGxcL3dvcmRwcmVzc1wvd3AtY29udGVudFwvdXBsb2Fkc1wvMjAyMlwvMDJcL0R6aWVuXHUwMzAxLU15c1x1MDMwMWxpLUJyYXRlcnNraWVqLTIwMjIxOS5qcGciLCJzbGlkZXNob3ciOiI0NDg3YjQwIn0%3D\">\n\t\t\t\t\t<div class=\"e-gallery-image elementor-gallery-item__image\" data-thumbnail=\"http:\/\/www.farabrodnica.pl\/wordpress\/wp-content\/uploads\/2022\/02\/Dzien\u0301-Mys\u0301li-Braterskiej-202219-300x225.jpg\" data-width=\"300\" data-height=\"225\" aria-label=\"\" role=\"img\" ><\/div>\n\t\t\t\t\t\t\t\t\t\t\t<div class=\"elementor-gallery-item__overlay\"><\/div>\n\t\t\t\t\t\t\t\t\t\t\t\t\t\t<\/a>\n\t\t\t\t\t\t\t<a class=\"e-gallery-item elementor-gallery-item elementor-animated-content\" href=\"http:\/\/www.farabrodnica.pl\/wordpress\/wp-content\/uploads\/2022\/02\/Dzien\u0301-Mys\u0301li-Braterskiej-202218.jpg\" data-elementor-open-lightbox=\"yes\" data-elementor-lightbox-slideshow=\"4487b40\" data-elementor-lightbox-title=\"Dzien\u0301 Mys\u0301li Braterskiej 202218\" data-e-action-hash=\"#elementor-action%3Aaction%3Dlightbox%26settings%3DeyJpZCI6MzkxMDYsInVybCI6Imh0dHA6XC9cL3d3dy5mYXJhYnJvZG5pY2EucGxcL3dvcmRwcmVzc1wvd3AtY29udGVudFwvdXBsb2Fkc1wvMjAyMlwvMDJcL0R6aWVuXHUwMzAxLU15c1x1MDMwMWxpLUJyYXRlcnNraWVqLTIwMjIxOC5qcGciLCJzbGlkZXNob3ciOiI0NDg3YjQwIn0%3D\">\n\t\t\t\t\t<div class=\"e-gallery-image elementor-gallery-item__image\" data-thumbnail=\"http:\/\/www.farabrodnica.pl\/wordpress\/wp-content\/uploads\/2022\/02\/Dzien\u0301-Mys\u0301li-Braterskiej-202218-300x225.jpg\" data-width=\"300\" data-height=\"225\" aria-label=\"\" role=\"img\" ><\/div>\n\t\t\t\t\t\t\t\t\t\t\t<div class=\"elementor-gallery-item__overlay\"><\/div>\n\t\t\t\t\t\t\t\t\t\t\t\t\t\t<\/a>\n\t\t\t\t\t\t\t<a class=\"e-gallery-item elementor-gallery-item elementor-animated-content\" href=\"http:\/\/www.farabrodnica.pl\/wordpress\/wp-content\/uploads\/2022\/02\/Dzien\u0301-Mys\u0301li-Braterskiej-202217-1.jpg\" data-elementor-open-lightbox=\"yes\" data-elementor-lightbox-slideshow=\"4487b40\" data-elementor-lightbox-title=\"Dzien\u0301 Mys\u0301li Braterskiej 202217\" data-e-action-hash=\"#elementor-action%3Aaction%3Dlightbox%26settings%3DeyJpZCI6MzkxMDcsInVybCI6Imh0dHA6XC9cL3d3dy5mYXJhYnJvZG5pY2EucGxcL3dvcmRwcmVzc1wvd3AtY29udGVudFwvdXBsb2Fkc1wvMjAyMlwvMDJcL0R6aWVuXHUwMzAxLU15c1x1MDMwMWxpLUJyYXRlcnNraWVqLTIwMjIxNy0xLmpwZyIsInNsaWRlc2hvdyI6IjQ0ODdiNDAifQ%3D%3D\">\n\t\t\t\t\t<div class=\"e-gallery-image elementor-gallery-item__image\" data-thumbnail=\"http:\/\/www.farabrodnica.pl\/wordpress\/wp-content\/uploads\/2022\/02\/Dzien\u0301-Mys\u0301li-Braterskiej-202217-1-300x225.jpg\" data-width=\"300\" data-height=\"225\" aria-label=\"\" role=\"img\" ><\/div>\n\t\t\t\t\t\t\t\t\t\t\t<div class=\"elementor-gallery-item__overlay\"><\/div>\n\t\t\t\t\t\t\t\t\t\t\t\t\t\t<\/a>\n\t\t\t\t\t\t\t<a class=\"e-gallery-item elementor-gallery-item elementor-animated-content\" href=\"http:\/\/www.farabrodnica.pl\/wordpress\/wp-content\/uploads\/2022\/02\/Dzien\u0301-Mys\u0301li-Braterskiej-202214.jpg\" data-elementor-open-lightbox=\"yes\" data-elementor-lightbox-slideshow=\"4487b40\" data-elementor-lightbox-title=\"Dzien\u0301 Mys\u0301li Braterskiej 202214\" data-e-action-hash=\"#elementor-action%3Aaction%3Dlightbox%26settings%3DeyJpZCI6MzkxMDgsInVybCI6Imh0dHA6XC9cL3d3dy5mYXJhYnJvZG5pY2EucGxcL3dvcmRwcmVzc1wvd3AtY29udGVudFwvdXBsb2Fkc1wvMjAyMlwvMDJcL0R6aWVuXHUwMzAxLU15c1x1MDMwMWxpLUJyYXRlcnNraWVqLTIwMjIxNC5qcGciLCJzbGlkZXNob3ciOiI0NDg3YjQwIn0%3D\">\n\t\t\t\t\t<div class=\"e-gallery-image elementor-gallery-item__image\" data-thumbnail=\"http:\/\/www.farabrodnica.pl\/wordpress\/wp-content\/uploads\/2022\/02\/Dzien\u0301-Mys\u0301li-Braterskiej-202214-300x225.jpg\" data-width=\"300\" data-height=\"225\" aria-label=\"\" role=\"img\" ><\/div>\n\t\t\t\t\t\t\t\t\t\t\t<div class=\"elementor-gallery-item__overlay\"><\/div>\n\t\t\t\t\t\t\t\t\t\t\t\t\t\t<\/a>\n\t\t\t\t\t\t\t<a class=\"e-gallery-item elementor-gallery-item elementor-animated-content\" href=\"http:\/\/www.farabrodnica.pl\/wordpress\/wp-content\/uploads\/2022\/02\/Dzien\u0301-Mys\u0301li-Braterskiej-202213.jpg\" data-elementor-open-lightbox=\"yes\" data-elementor-lightbox-slideshow=\"4487b40\" data-elementor-lightbox-title=\"Dzien\u0301 Mys\u0301li Braterskiej 202213\" data-e-action-hash=\"#elementor-action%3Aaction%3Dlightbox%26settings%3DeyJpZCI6MzkxMDksInVybCI6Imh0dHA6XC9cL3d3dy5mYXJhYnJvZG5pY2EucGxcL3dvcmRwcmVzc1wvd3AtY29udGVudFwvdXBsb2Fkc1wvMjAyMlwvMDJcL0R6aWVuXHUwMzAxLU15c1x1MDMwMWxpLUJyYXRlcnNraWVqLTIwMjIxMy5qcGciLCJzbGlkZXNob3ciOiI0NDg3YjQwIn0%3D\">\n\t\t\t\t\t<div class=\"e-gallery-image elementor-gallery-item__image\" data-thumbnail=\"http:\/\/www.farabrodnica.pl\/wordpress\/wp-content\/uploads\/2022\/02\/Dzien\u0301-Mys\u0301li-Braterskiej-202213-225x300.jpg\" data-width=\"225\" data-height=\"300\" aria-label=\"\" role=\"img\" ><\/div>\n\t\t\t\t\t\t\t\t\t\t\t<div class=\"elementor-gallery-item__overlay\"><\/div>\n\t\t\t\t\t\t\t\t\t\t\t\t\t\t<\/a>\n\t\t\t\t\t\t\t<a class=\"e-gallery-item elementor-gallery-item elementor-animated-content\" href=\"http:\/\/www.farabrodnica.pl\/wordpress\/wp-content\/uploads\/2022\/02\/Dzien\u0301-Mys\u0301li-Braterskiej-202211.jpg\" data-elementor-open-lightbox=\"yes\" data-elementor-lightbox-slideshow=\"4487b40\" data-elementor-lightbox-title=\"Dzien\u0301 Mys\u0301li Braterskiej 202211\" data-e-action-hash=\"#elementor-action%3Aaction%3Dlightbox%26settings%3DeyJpZCI6MzkxMTAsInVybCI6Imh0dHA6XC9cL3d3dy5mYXJhYnJvZG5pY2EucGxcL3dvcmRwcmVzc1wvd3AtY29udGVudFwvdXBsb2Fkc1wvMjAyMlwvMDJcL0R6aWVuXHUwMzAxLU15c1x1MDMwMWxpLUJyYXRlcnNraWVqLTIwMjIxMS5qcGciLCJzbGlkZXNob3ciOiI0NDg3YjQwIn0%3D\">\n\t\t\t\t\t<div class=\"e-gallery-image elementor-gallery-item__image\" data-thumbnail=\"http:\/\/www.farabrodnica.pl\/wordpress\/wp-content\/uploads\/2022\/02\/Dzien\u0301-Mys\u0301li-Braterskiej-202211-300x225.jpg\" data-width=\"300\" data-height=\"225\" aria-label=\"\" role=\"img\" ><\/div>\n\t\t\t\t\t\t\t\t\t\t\t<div class=\"elementor-gallery-item__overlay\"><\/div>\n\t\t\t\t\t\t\t\t\t\t\t\t\t\t<\/a>\n\t\t\t\t\t\t\t<a class=\"e-gallery-item elementor-gallery-item elementor-animated-content\" href=\"http:\/\/www.farabrodnica.pl\/wordpress\/wp-content\/uploads\/2022\/02\/Dzien\u0301-Mys\u0301li-Braterskiej-202210.jpg\" data-elementor-open-lightbox=\"yes\" data-elementor-lightbox-slideshow=\"4487b40\" data-elementor-lightbox-title=\"Dzien\u0301 Mys\u0301li Braterskiej 202210\" data-e-action-hash=\"#elementor-action%3Aaction%3Dlightbox%26settings%3DeyJpZCI6MzkxMTEsInVybCI6Imh0dHA6XC9cL3d3dy5mYXJhYnJvZG5pY2EucGxcL3dvcmRwcmVzc1wvd3AtY29udGVudFwvdXBsb2Fkc1wvMjAyMlwvMDJcL0R6aWVuXHUwMzAxLU15c1x1MDMwMWxpLUJyYXRlcnNraWVqLTIwMjIxMC5qcGciLCJzbGlkZXNob3ciOiI0NDg3YjQwIn0%3D\">\n\t\t\t\t\t<div class=\"e-gallery-image elementor-gallery-item__image\" data-thumbnail=\"http:\/\/www.farabrodnica.pl\/wordpress\/wp-content\/uploads\/2022\/02\/Dzien\u0301-Mys\u0301li-Braterskiej-202210-225x300.jpg\" data-width=\"225\" data-height=\"300\" aria-label=\"\" role=\"img\" ><\/div>\n\t\t\t\t\t\t\t\t\t\t\t<div class=\"elementor-gallery-item__overlay\"><\/div>\n\t\t\t\t\t\t\t\t\t\t\t\t\t\t<\/a>\n\t\t\t\t\t\t\t<a class=\"e-gallery-item elementor-gallery-item elementor-animated-content\" href=\"http:\/\/www.farabrodnica.pl\/wordpress\/wp-content\/uploads\/2022\/02\/Dzien\u0301-Mys\u0301li-Braterskiej-20229.jpg\" data-elementor-open-lightbox=\"yes\" data-elementor-lightbox-slideshow=\"4487b40\" data-elementor-lightbox-title=\"Dzien\u0301 Mys\u0301li Braterskiej 20229\" data-e-action-hash=\"#elementor-action%3Aaction%3Dlightbox%26settings%3DeyJpZCI6MzkxMTIsInVybCI6Imh0dHA6XC9cL3d3dy5mYXJhYnJvZG5pY2EucGxcL3dvcmRwcmVzc1wvd3AtY29udGVudFwvdXBsb2Fkc1wvMjAyMlwvMDJcL0R6aWVuXHUwMzAxLU15c1x1MDMwMWxpLUJyYXRlcnNraWVqLTIwMjI5LmpwZyIsInNsaWRlc2hvdyI6IjQ0ODdiNDAifQ%3D%3D\">\n\t\t\t\t\t<div class=\"e-gallery-image elementor-gallery-item__image\" data-thumbnail=\"http:\/\/www.farabrodnica.pl\/wordpress\/wp-content\/uploads\/2022\/02\/Dzien\u0301-Mys\u0301li-Braterskiej-20229-300x225.jpg\" data-width=\"300\" data-height=\"225\" aria-label=\"\" role=\"img\" ><\/div>\n\t\t\t\t\t\t\t\t\t\t\t<div class=\"elementor-gallery-item__overlay\"><\/div>\n\t\t\t\t\t\t\t\t\t\t\t\t\t\t<\/a>\n\t\t\t\t\t\t\t<a class=\"e-gallery-item elementor-gallery-item elementor-animated-content\" href=\"http:\/\/www.farabrodnica.pl\/wordpress\/wp-content\/uploads\/2022\/02\/Dzien\u0301-Mys\u0301li-Braterskiej-20228.jpg\" data-elementor-open-lightbox=\"yes\" data-elementor-lightbox-slideshow=\"4487b40\" data-elementor-lightbox-title=\"Dzien\u0301 Mys\u0301li Braterskiej 20228\" data-e-action-hash=\"#elementor-action%3Aaction%3Dlightbox%26settings%3DeyJpZCI6MzkxMTMsInVybCI6Imh0dHA6XC9cL3d3dy5mYXJhYnJvZG5pY2EucGxcL3dvcmRwcmVzc1wvd3AtY29udGVudFwvdXBsb2Fkc1wvMjAyMlwvMDJcL0R6aWVuXHUwMzAxLU15c1x1MDMwMWxpLUJyYXRlcnNraWVqLTIwMjI4LmpwZyIsInNsaWRlc2hvdyI6IjQ0ODdiNDAifQ%3D%3D\">\n\t\t\t\t\t<div class=\"e-gallery-image elementor-gallery-item__image\" data-thumbnail=\"http:\/\/www.farabrodnica.pl\/wordpress\/wp-content\/uploads\/2022\/02\/Dzien\u0301-Mys\u0301li-Braterskiej-20228-300x225.jpg\" data-width=\"300\" data-height=\"225\" aria-label=\"\" role=\"img\" ><\/div>\n\t\t\t\t\t\t\t\t\t\t\t<div class=\"elementor-gallery-item__overlay\"><\/div>\n\t\t\t\t\t\t\t\t\t\t\t\t\t\t<\/a>\n\t\t\t\t\t\t\t<a class=\"e-gallery-item elementor-gallery-item elementor-animated-content\" href=\"http:\/\/www.farabrodnica.pl\/wordpress\/wp-content\/uploads\/2022\/02\/Dzien\u0301-Mys\u0301li-Braterskiej-20227.jpg\" data-elementor-open-lightbox=\"yes\" data-elementor-lightbox-slideshow=\"4487b40\" data-elementor-lightbox-title=\"Dzien\u0301 Mys\u0301li Braterskiej 20227\" data-e-action-hash=\"#elementor-action%3Aaction%3Dlightbox%26settings%3DeyJpZCI6MzkxMTQsInVybCI6Imh0dHA6XC9cL3d3dy5mYXJhYnJvZG5pY2EucGxcL3dvcmRwcmVzc1wvd3AtY29udGVudFwvdXBsb2Fkc1wvMjAyMlwvMDJcL0R6aWVuXHUwMzAxLU15c1x1MDMwMWxpLUJyYXRlcnNraWVqLTIwMjI3LmpwZyIsInNsaWRlc2hvdyI6IjQ0ODdiNDAifQ%3D%3D\">\n\t\t\t\t\t<div class=\"e-gallery-image elementor-gallery-item__image\" data-thumbnail=\"http:\/\/www.farabrodnica.pl\/wordpress\/wp-content\/uploads\/2022\/02\/Dzien\u0301-Mys\u0301li-Braterskiej-20227-300x225.jpg\" data-width=\"300\" data-height=\"225\" aria-label=\"\" role=\"img\" ><\/div>\n\t\t\t\t\t\t\t\t\t\t\t<div class=\"elementor-gallery-item__overlay\"><\/div>\n\t\t\t\t\t\t\t\t\t\t\t\t\t\t<\/a>\n\t\t\t\t\t\t\t<a class=\"e-gallery-item elementor-gallery-item elementor-animated-content\" href=\"http:\/\/www.farabrodnica.pl\/wordpress\/wp-content\/uploads\/2022\/02\/Dzien\u0301-Mys\u0301li-Braterskiej-20226.jpg\" data-elementor-open-lightbox=\"yes\" data-elementor-lightbox-slideshow=\"4487b40\" data-elementor-lightbox-title=\"Dzien\u0301 Mys\u0301li Braterskiej 20226\" data-e-action-hash=\"#elementor-action%3Aaction%3Dlightbox%26settings%3DeyJpZCI6MzkxMTUsInVybCI6Imh0dHA6XC9cL3d3dy5mYXJhYnJvZG5pY2EucGxcL3dvcmRwcmVzc1wvd3AtY29udGVudFwvdXBsb2Fkc1wvMjAyMlwvMDJcL0R6aWVuXHUwMzAxLU15c1x1MDMwMWxpLUJyYXRlcnNraWVqLTIwMjI2LmpwZyIsInNsaWRlc2hvdyI6IjQ0ODdiNDAifQ%3D%3D\">\n\t\t\t\t\t<div class=\"e-gallery-image elementor-gallery-item__image\" data-thumbnail=\"http:\/\/www.farabrodnica.pl\/wordpress\/wp-content\/uploads\/2022\/02\/Dzien\u0301-Mys\u0301li-Braterskiej-20226-300x225.jpg\" data-width=\"300\" data-height=\"225\" aria-label=\"\" role=\"img\" ><\/div>\n\t\t\t\t\t\t\t\t\t\t\t<div class=\"elementor-gallery-item__overlay\"><\/div>\n\t\t\t\t\t\t\t\t\t\t\t\t\t\t<\/a>\n\t\t\t\t\t\t\t<a class=\"e-gallery-item elementor-gallery-item elementor-animated-content\" href=\"http:\/\/www.farabrodnica.pl\/wordpress\/wp-content\/uploads\/2022\/02\/Dzien\u0301-Mys\u0301li-Braterskiej-20225.jpg\" data-elementor-open-lightbox=\"yes\" data-elementor-lightbox-slideshow=\"4487b40\" data-elementor-lightbox-title=\"Dzien\u0301 Mys\u0301li Braterskiej 20225\" data-e-action-hash=\"#elementor-action%3Aaction%3Dlightbox%26settings%3DeyJpZCI6MzkxMTYsInVybCI6Imh0dHA6XC9cL3d3dy5mYXJhYnJvZG5pY2EucGxcL3dvcmRwcmVzc1wvd3AtY29udGVudFwvdXBsb2Fkc1wvMjAyMlwvMDJcL0R6aWVuXHUwMzAxLU15c1x1MDMwMWxpLUJyYXRlcnNraWVqLTIwMjI1LmpwZyIsInNsaWRlc2hvdyI6IjQ0ODdiNDAifQ%3D%3D\">\n\t\t\t\t\t<div class=\"e-gallery-image elementor-gallery-item__image\" data-thumbnail=\"http:\/\/www.farabrodnica.pl\/wordpress\/wp-content\/uploads\/2022\/02\/Dzien\u0301-Mys\u0301li-Braterskiej-20225-300x225.jpg\" data-width=\"300\" data-height=\"225\" aria-label=\"\" role=\"img\" ><\/div>\n\t\t\t\t\t\t\t\t\t\t\t<div class=\"elementor-gallery-item__overlay\"><\/div>\n\t\t\t\t\t\t\t\t\t\t\t\t\t\t<\/a>\n\t\t\t\t\t\t\t<a class=\"e-gallery-item elementor-gallery-item elementor-animated-content\" href=\"http:\/\/www.farabrodnica.pl\/wordpress\/wp-content\/uploads\/2022\/02\/Dzien\u0301-Mys\u0301li-Braterskiej-20224.jpg\" data-elementor-open-lightbox=\"yes\" data-elementor-lightbox-slideshow=\"4487b40\" data-elementor-lightbox-title=\"Dzien\u0301 Mys\u0301li Braterskiej 20224\" data-e-action-hash=\"#elementor-action%3Aaction%3Dlightbox%26settings%3DeyJpZCI6MzkxMTcsInVybCI6Imh0dHA6XC9cL3d3dy5mYXJhYnJvZG5pY2EucGxcL3dvcmRwcmVzc1wvd3AtY29udGVudFwvdXBsb2Fkc1wvMjAyMlwvMDJcL0R6aWVuXHUwMzAxLU15c1x1MDMwMWxpLUJyYXRlcnNraWVqLTIwMjI0LmpwZyIsInNsaWRlc2hvdyI6IjQ0ODdiNDAifQ%3D%3D\">\n\t\t\t\t\t<div class=\"e-gallery-image elementor-gallery-item__image\" data-thumbnail=\"http:\/\/www.farabrodnica.pl\/wordpress\/wp-content\/uploads\/2022\/02\/Dzien\u0301-Mys\u0301li-Braterskiej-20224-300x225.jpg\" data-width=\"300\" data-height=\"225\" aria-label=\"\" role=\"img\" ><\/div>\n\t\t\t\t\t\t\t\t\t\t\t<div class=\"elementor-gallery-item__overlay\"><\/div>\n\t\t\t\t\t\t\t\t\t\t\t\t\t\t<\/a>\n\t\t\t\t\t\t\t<a class=\"e-gallery-item elementor-gallery-item elementor-animated-content\" href=\"http:\/\/www.farabrodnica.pl\/wordpress\/wp-content\/uploads\/2022\/02\/Dzien\u0301-Mys\u0301li-Braterskiej-20223.jpg\" data-elementor-open-lightbox=\"yes\" data-elementor-lightbox-slideshow=\"4487b40\" data-elementor-lightbox-title=\"Dzien\u0301 Mys\u0301li Braterskiej 20223\" data-e-action-hash=\"#elementor-action%3Aaction%3Dlightbox%26settings%3DeyJpZCI6MzkxMTgsInVybCI6Imh0dHA6XC9cL3d3dy5mYXJhYnJvZG5pY2EucGxcL3dvcmRwcmVzc1wvd3AtY29udGVudFwvdXBsb2Fkc1wvMjAyMlwvMDJcL0R6aWVuXHUwMzAxLU15c1x1MDMwMWxpLUJyYXRlcnNraWVqLTIwMjIzLmpwZyIsInNsaWRlc2hvdyI6IjQ0ODdiNDAifQ%3D%3D\">\n\t\t\t\t\t<div class=\"e-gallery-image elementor-gallery-item__image\" data-thumbnail=\"http:\/\/www.farabrodnica.pl\/wordpress\/wp-content\/uploads\/2022\/02\/Dzien\u0301-Mys\u0301li-Braterskiej-20223-300x225.jpg\" data-width=\"300\" data-height=\"225\" aria-label=\"\" role=\"img\" ><\/div>\n\t\t\t\t\t\t\t\t\t\t\t<div class=\"elementor-gallery-item__overlay\"><\/div>\n\t\t\t\t\t\t\t\t\t\t\t\t\t\t<\/a>\n\t\t\t\t\t<\/div>\n\t\t\t<\/div>\n\t\t\t\t<\/div>\n\t\t\t\t\t<\/div>\n\t\t<\/div>\n\t\t\t\t\t<\/div>\n\t\t<\/section>\n\t\t\t\t<section class=\"elementor-section elementor-top-section elementor-element elementor-element-c2b2a89 elementor-section-boxed elementor-section-height-default elementor-section-height-default\" data-id=\"c2b2a89\" data-element_type=\"section\" data-settings=\"{&quot;_ha_eqh_enable&quot;:false}\">\n\t\t\t\t\t\t<div class=\"elementor-container elementor-column-gap-default\">\n\t\t\t\t\t<div class=\"elementor-column elementor-col-100 elementor-top-column elementor-element elementor-element-e0ba083\" data-id=\"e0ba083\" data-element_type=\"column\">\n\t\t\t<div class=\"elementor-widget-wrap elementor-element-populated\">\n\t\t\t\t\t\t<div class=\"elementor-element elementor-element-149a55b elementor-widget elementor-widget-image\" data-id=\"149a55b\" data-element_type=\"widget\" data-widget_type=\"image.default\">\n\t\t\t\t<div class=\"elementor-widget-container\">\n\t\t\t\t\t\t\t\t\t\t\t\t\t<img decoding=\"async\" width=\"768\" height=\"1024\" src=\"http:\/\/www.farabrodnica.pl\/wordpress\/wp-content\/uploads\/2022\/02\/Dzien\u0301-Mys\u0301li-Braterskiej-202259-768x1024.jpg\" class=\"attachment-large size-large wp-image-39119\" alt=\"\" srcset=\"http:\/\/www.farabrodnica.pl\/wordpress\/wp-content\/uploads\/2022\/02\/Dzien\u0301-Mys\u0301li-Braterskiej-202259-768x1024.jpg 768w, http:\/\/www.farabrodnica.pl\/wordpress\/wp-content\/uploads\/2022\/02\/Dzien\u0301-Mys\u0301li-Braterskiej-202259-225x300.jpg 225w, http:\/\/www.farabrodnica.pl\/wordpress\/wp-content\/uploads\/2022\/02\/Dzien\u0301-Mys\u0301li-Braterskiej-202259.jpg 960w\" sizes=\"(max-width: 768px) 100vw, 768px\" \/>\t\t\t\t\t\t\t\t\t\t\t\t\t<\/div>\n\t\t\t\t<\/div>\n\t\t\t\t\t<\/div>\n\t\t<\/div>\n\t\t\t\t\t<\/div>\n\t\t<\/section>\n\t\t\t\t<section class=\"elementor-section elementor-top-section elementor-element elementor-element-b2e95a2 elementor-section-boxed elementor-section-height-default elementor-section-height-default\" data-id=\"b2e95a2\" data-element_type=\"section\" data-settings=\"{&quot;_ha_eqh_enable&quot;:false}\">\n\t\t\t\t\t\t<div class=\"elementor-container elementor-column-gap-default\">\n\t\t\t\t\t<div class=\"elementor-column elementor-col-100 elementor-top-column elementor-element elementor-element-8e70453\" data-id=\"8e70453\" data-element_type=\"column\">\n\t\t\t<div class=\"elementor-widget-wrap elementor-element-populated\">\n\t\t\t\t\t\t<div class=\"elementor-element elementor-element-ea69d03 elementor-widget elementor-widget-text-editor\" data-id=\"ea69d03\" data-element_type=\"widget\" data-widget_type=\"text-editor.default\">\n\t\t\t\t<div class=\"elementor-widget-container\">\n\t\t\t\t\t\t\t<p style=\"text-align: center;\">Serdecznie dzi\u0119kuj\u0119 za mi\u0142e s\u0142owa. &#8211; Kapelan ZHP Brodnica, Ks. pwd Adam Kordek<\/p>\t\t\t\t\t\t<\/div>\n\t\t\t\t<\/div>\n\t\t\t\t\t<\/div>\n\t\t<\/div>\n\t\t\t\t\t<\/div>\n\t\t<\/section>\n\t\t\t\t<section class=\"elementor-section elementor-top-section elementor-element elementor-element-b5e5723 elementor-section-boxed elementor-section-height-default elementor-section-height-default\" data-id=\"b5e5723\" data-element_type=\"section\" data-settings=\"{&quot;_ha_eqh_enable&quot;:false}\">\n\t\t\t\t\t\t<div class=\"elementor-container elementor-column-gap-default\">\n\t\t\t\t\t<div class=\"elementor-column elementor-col-100 elementor-top-column elementor-element elementor-element-db67dd9\" data-id=\"db67dd9\" data-element_type=\"column\">\n\t\t\t<div class=\"elementor-widget-wrap elementor-element-populated\">\n\t\t\t\t\t\t<div data-ha-element-link=\"{&quot;url&quot;:&quot;https:\\\/\\\/www.facebook.com\\\/Hufiec.ZHP.Brodnica&quot;,&quot;is_external&quot;:&quot;&quot;,&quot;nofollow&quot;:&quot;&quot;,&quot;custom_attributes&quot;:&quot;&quot;}\" style=\"cursor: pointer\" class=\"elementor-element elementor-element-8095224 elementor-widget elementor-widget-image\" data-id=\"8095224\" data-element_type=\"widget\" data-widget_type=\"image.default\">\n\t\t\t\t<div class=\"elementor-widget-container\">\n\t\t\t\t\t\t\t\t\t\t\t\t\t<img decoding=\"async\" width=\"930\" height=\"483\" src=\"http:\/\/www.farabrodnica.pl\/wordpress\/wp-content\/uploads\/2022\/02\/Zrzut-ekranu-2022-02-25-o-20.50.55.png\" class=\"attachment-large size-large wp-image-41450\" alt=\"\" srcset=\"http:\/\/www.farabrodnica.pl\/wordpress\/wp-content\/uploads\/2022\/02\/Zrzut-ekranu-2022-02-25-o-20.50.55.png 940w, http:\/\/www.farabrodnica.pl\/wordpress\/wp-content\/uploads\/2022\/02\/Zrzut-ekranu-2022-02-25-o-20.50.55-300x156.png 300w, http:\/\/www.farabrodnica.pl\/wordpress\/wp-content\/uploads\/2022\/02\/Zrzut-ekranu-2022-02-25-o-20.50.55-768x399.png 768w\" sizes=\"(max-width: 930px) 100vw, 930px\" \/>\t\t\t\t\t\t\t\t\t\t\t\t\t<\/div>\n\t\t\t\t<\/div>\n\t\t\t\t\t<\/div>\n\t\t<\/div>\n\t\t\t\t\t<\/div>\n\t\t<\/section>\n\t\t\t\t<\/div>\n\t\t","protected":false},"excerpt":{"rendered":"<p>We wtorek 22 lutego 2022 wszyscy harcerze i skauci na ca\u0142ym \u015bwiecie obchodzili swoje \u015bwi\u0119to. Tak\u017ce w Brodnicy nasi harcerze \u015bwi\u0119towali. Uroczyste obchody rozpocz\u0119\u0142y si\u0119 w Domu Harcerza na ul.Ogrodowej. Z tego miejsca patrole wyrusza\u0142y &#8220;na miasto&#8221; aby wzi\u0105\u0107 udzia\u0142 w grze miejskiej. Po zako\u0144czeniu braterskich zmaga\u0144 przysz\u0142a chwila na wsp\u00f3lny \u015bpiew, rozdanie wyr\u00f3\u017cnie\u0144 i [&hellip;]<\/p>\n","protected":false},"author":1,"featured_media":39072,"comment_status":"closed","ping_status":"open","sticky":false,"template":"","format":"standard","meta":{"footnotes":""},"categories":[66],"tags":[],"_links":{"self":[{"href":"http:\/\/www.farabrodnica.pl\/wordpress\/wp-json\/wp\/v2\/posts\/39071"}],"collection":[{"href":"http:\/\/www.farabrodnica.pl\/wordpress\/wp-json\/wp\/v2\/posts"}],"about":[{"href":"http:\/\/www.farabrodnica.pl\/wordpress\/wp-json\/wp\/v2\/types\/post"}],"author":[{"embeddable":true,"href":"http:\/\/www.farabrodnica.pl\/wordpress\/wp-json\/wp\/v2\/users\/1"}],"replies":[{"embeddable":true,"href":"http:\/\/www.farabrodnica.pl\/wordpress\/wp-json\/wp\/v2\/comments?post=39071"}],"version-history":[{"count":13,"href":"http:\/\/www.farabrodnica.pl\/wordpress\/wp-json\/wp\/v2\/posts\/39071\/revisions"}],"predecessor-version":[{"id":41453,"href":"http:\/\/www.farabrodnica.pl\/wordpress\/wp-json\/wp\/v2\/posts\/39071\/revisions\/41453"}],"wp:featuredmedia":[{"embeddable":true,"href":"http:\/\/www.farabrodnica.pl\/wordpress\/wp-json\/wp\/v2\/media\/39072"}],"wp:attachment":[{"href":"http:\/\/www.farabrodnica.pl\/wordpress\/wp-json\/wp\/v2\/media?parent=39071"}],"wp:term":[{"taxonomy":"category","embeddable":true,"href":"http:\/\/www.farabrodnica.pl\/wordpress\/wp-json\/wp\/v2\/categories?post=39071"},{"taxonomy":"post_tag","embeddable":true,"href":"http:\/\/www.farabrodnica.pl\/wordpress\/wp-json\/wp\/v2\/tags?post=39071"}],"curies":[{"name":"wp","href":"https:\/\/api.w.org\/{rel}","templated":true}]}}