{"id":38977,"date":"2022-02-24T17:04:28","date_gmt":"2022-02-24T16:04:28","guid":{"rendered":"http:\/\/www.farabrodnica.pl\/wordpress\/?p=38977"},"modified":"2022-02-24T17:11:23","modified_gmt":"2022-02-24T16:11:23","slug":"apel-przewodniczacego-konferencji-episkopatu-polski-w-sprawie-pomocy-ukrainie","status":"publish","type":"post","link":"http:\/\/www.farabrodnica.pl\/wordpress\/2022\/02\/24\/apel-przewodniczacego-konferencji-episkopatu-polski-w-sprawie-pomocy-ukrainie\/","title":{"rendered":"APEL PRZEWODNICZ\u0104CEGO KONFERENCJI EPISKOPATU POLSKI W SPRAWIE POMOCY UKRAINIE!"},"content":{"rendered":"\t\t<div data-elementor-type=\"wp-post\" data-elementor-id=\"38977\" class=\"elementor elementor-38977\" data-elementor-post-type=\"post\">\n\t\t\t\t\t\t<section class=\"elementor-section elementor-top-section elementor-element elementor-element-beb554d elementor-section-boxed elementor-section-height-default elementor-section-height-default\" data-id=\"beb554d\" data-element_type=\"section\" data-settings=\"{&quot;_ha_eqh_enable&quot;:false}\">\n\t\t\t\t\t\t<div class=\"elementor-container elementor-column-gap-default\">\n\t\t\t\t\t<div class=\"elementor-column elementor-col-100 elementor-top-column elementor-element elementor-element-f1de139\" data-id=\"f1de139\" data-element_type=\"column\">\n\t\t\t<div class=\"elementor-widget-wrap elementor-element-populated\">\n\t\t\t\t\t\t<div class=\"elementor-element elementor-element-a832c41 elementor-widget elementor-widget-text-editor\" data-id=\"a832c41\" data-element_type=\"widget\" data-widget_type=\"text-editor.default\">\n\t\t\t\t<div class=\"elementor-widget-container\">\n\t\t\t\t\t\t\t<div class=\"alJ b fart padBB padT\">W zwi\u0105zku z inwazj\u0105 rosyjsk\u0105 na Ukrain\u0119 abp Stanis\u0142aw G\u0105decki, przewodnicz\u0105cy Konferencji Episkopatu Polski wezwa\u0142 wiernych do modlitwy oraz pomocy charytatywnej dla uchod\u017ac\u00f3w z Ukrainy.<\/div><div class=\"alJ fart\" style=\"text-align: justify;\"><br \/>&#8211; W zwi\u0105zku z pro\u015bb\u0105 Ojca \u015awi\u0119tego Franciszka, zwracam si\u0119 do Ksi\u0119\u017cy Biskup\u00f3w oraz wszystkich wiernych, aby \u015aroda Popielcowa by\u0142a obchodzona w Ko\u015bciele w Polsce jako dzie\u0144 postu i modlitwy w intencji pokoju oraz solidarno\u015bci z Ukrain\u0105 &#8211; napisa\u0142 abp G\u0105decki.<br \/><br \/>Wezwa\u0142 tak\u017ce do przeprowadzenia w najbli\u017csz\u0105 niedziel\u0119 (27 lutego) oraz w \u015arod\u0119 Popielcow\u0105 (2 marca) zbi\u00f3rki pieni\u0119\u017cnej na pomoc uchod\u017acom z Ukrainy, kt\u00f3ra zostanie zorganizowana przez Caritas Polska.<br \/><strong>xpb<\/strong><br \/><br \/><strong>APEL<br \/>PRZEWODNICZ\u0104CEGO KONFERENCJI EPISKOPATU POLSKI<br \/>W ZWI\u0104ZKU Z INWAZJ\u0104 ROSYJSK\u0104 NA UKRAIN\u0118<\/strong><br \/><br \/>W zwi\u0105zku z inwazj\u0105 rosyjsk\u0105 na Ukrain\u0119, w imieniu Konferencji Episkopatu Polski, stanowczo pot\u0119piam dzia\u0142ania Rosji i W\u0142adimira Putina, uznaj\u0105c je za niedopuszczalny i haniebny akt barbarzy\u0144stwa, skierowany wobec suwerenno\u015bci i niezale\u017cno\u015bci niepodleg\u0142ego pa\u0144stwa.<br \/><br \/>Jednocze\u015bnie \u2013 wraz z ca\u0142ym Ko\u015bcio\u0142em w Polsce \u2013 wyra\u017cam moj\u0105 solidarno\u015b\u0107 ze wszystkimi Ukrai\u0144cami, zar\u00f3wno w Polsce, jak i na Ukrainie, zapewniaj\u0105c ich o naszej blisko\u015bci, modlitwie oraz gotowo\u015bci do pomocy.<br \/><br \/>W zwi\u0105zku z pro\u015bb\u0105 Ojca \u015awi\u0119tego Franciszka, zwracam si\u0119 do Ksi\u0119\u017cy Biskup\u00f3w oraz wszystkich wiernych, aby \u015aroda Popielcowa by\u0142a obchodzona w Ko\u015bciele w Polsce jako dzie\u0144 postu i modlitwy w intencji pokoju oraz solidarno\u015bci z Ukrain\u0105. Prosz\u0119, aby w ka\u017cdym ko\u015bciele i parafii w Polsce zanosi\u0107 gor\u0105ce b\u0142agania w intencji pokoju, a tak\u017ce w intencji Ukrai\u0144c\u00f3w, by Pan pokrzepi\u0142 ich serca w obecnej dramatycznej sytuacji.<br \/><br \/>Jako Ko\u015bci\u00f3\u0142 w Polsce pragniemy przyj\u015b\u0107 naszym Braciom r\u00f3wnie\u017c z materialn\u0105 pomoc\u0105, dlatego apeluj\u0119, aby zar\u00f3wno w najbli\u017csz\u0105 niedziel\u0119, jak i w \u015arod\u0119 Popielcow\u0105, po ka\u017cdej Mszy \u015awi\u0119tej zorganizowa\u0107 zbi\u00f3rk\u0119 ofiar do puszek, kt\u00f3re \u2013 za po\u015brednictwem Caritas Polska \u2013 zostan\u0105 przeznaczone na pomoc uchod\u017acom wojennym z Ukrainy. Pomoc Ko\u015bcio\u0142a katolickiego w Polsce b\u0119dzie \u015bwiadczona sukcesywnie i systemowo za po\u015brednictwem naszych instytucji charytatywnych \u2013 parafialnych, diecezjalnych i og\u00f3lnopolskich \u2013 w tym, przez Zesp\u00f3\u0142 Pomocy Ko\u015bcio\u0142owi na Wschodzie przy Konferencji Episkopatu Polski.<br \/><br \/>Ponadto, prosz\u0119 wszystkich wierz\u0105cych i ludzi dobrej woli o otwart\u0105 postaw\u0119 wobec potrzebuj\u0105cych schronienia.<br \/><br \/>Kr\u00f3lowej Pokoju zawierzam losy Ukrainy i Polski, zapewniaj\u0105c wszystkich o mojej duchowej blisko\u015bci i modlitwie.<br \/><br \/><strong>+ Stanis\u0142aw G\u0105decki<br \/>Arcybiskup Metropolita Pozna\u0144ski<br \/>Przewodnicz\u0105cy Konferencji Episkopatu Polski<br \/><br \/><em>Warszawa, dnia 24 lutego 2022 roku<\/em><\/strong><\/div>\t\t\t\t\t\t<\/div>\n\t\t\t\t<\/div>\n\t\t\t\t\t<\/div>\n\t\t<\/div>\n\t\t\t\t\t<\/div>\n\t\t<\/section>\n\t\t\t\t<section class=\"elementor-section elementor-top-section elementor-element elementor-element-2e0e079 elementor-section-boxed elementor-section-height-default elementor-section-height-default\" data-id=\"2e0e079\" data-element_type=\"section\" data-settings=\"{&quot;_ha_eqh_enable&quot;:false}\">\n\t\t\t\t\t\t<div class=\"elementor-container elementor-column-gap-default\">\n\t\t\t\t\t<div class=\"elementor-column elementor-col-100 elementor-top-column elementor-element elementor-element-e0d1a56\" data-id=\"e0d1a56\" data-element_type=\"column\">\n\t\t\t<div class=\"elementor-widget-wrap elementor-element-populated\">\n\t\t\t\t\t\t<div class=\"elementor-element elementor-element-fd96196 elementor-widget elementor-widget-image\" data-id=\"fd96196\" data-element_type=\"widget\" data-widget_type=\"image.default\">\n\t\t\t\t<div class=\"elementor-widget-container\">\n\t\t\t\t\t\t\t\t\t\t\t\t\t<img fetchpriority=\"high\" decoding=\"async\" width=\"683\" height=\"1024\" src=\"http:\/\/www.farabrodnica.pl\/wordpress\/wp-content\/uploads\/2022\/02\/Zrzut-ekranu-2022-02-24-o-17.08.25-683x1024.png\" class=\"attachment-large size-large wp-image-39007\" alt=\"\" srcset=\"http:\/\/www.farabrodnica.pl\/wordpress\/wp-content\/uploads\/2022\/02\/Zrzut-ekranu-2022-02-24-o-17.08.25-683x1024.png 683w, http:\/\/www.farabrodnica.pl\/wordpress\/wp-content\/uploads\/2022\/02\/Zrzut-ekranu-2022-02-24-o-17.08.25-200x300.png 200w, http:\/\/www.farabrodnica.pl\/wordpress\/wp-content\/uploads\/2022\/02\/Zrzut-ekranu-2022-02-24-o-17.08.25-768x1152.png 768w, http:\/\/www.farabrodnica.pl\/wordpress\/wp-content\/uploads\/2022\/02\/Zrzut-ekranu-2022-02-24-o-17.08.25.png 809w\" sizes=\"(max-width: 683px) 100vw, 683px\" \/>\t\t\t\t\t\t\t\t\t\t\t\t\t<\/div>\n\t\t\t\t<\/div>\n\t\t\t\t\t<\/div>\n\t\t<\/div>\n\t\t\t\t\t<\/div>\n\t\t<\/section>\n\t\t\t\t<\/div>\n\t\t","protected":false},"excerpt":{"rendered":"<p>W zwi\u0105zku z inwazj\u0105 rosyjsk\u0105 na Ukrain\u0119 abp Stanis\u0142aw G\u0105decki, przewodnicz\u0105cy Konferencji Episkopatu Polski wezwa\u0142 wiernych do modlitwy oraz pomocy charytatywnej dla uchod\u017ac\u00f3w z Ukrainy. &#8211; W zwi\u0105zku z pro\u015bb\u0105 Ojca \u015awi\u0119tego Franciszka, zwracam si\u0119 do Ksi\u0119\u017cy Biskup\u00f3w oraz wszystkich wiernych, aby \u015aroda Popielcowa by\u0142a obchodzona w Ko\u015bciele w Polsce jako dzie\u0144 postu i modlitwy [&hellip;]<\/p>\n","protected":false},"author":1,"featured_media":38978,"comment_status":"closed","ping_status":"open","sticky":false,"template":"","format":"standard","meta":{"footnotes":""},"categories":[71,68],"tags":[],"_links":{"self":[{"href":"http:\/\/www.farabrodnica.pl\/wordpress\/wp-json\/wp\/v2\/posts\/38977"}],"collection":[{"href":"http:\/\/www.farabrodnica.pl\/wordpress\/wp-json\/wp\/v2\/posts"}],"about":[{"href":"http:\/\/www.farabrodnica.pl\/wordpress\/wp-json\/wp\/v2\/types\/post"}],"author":[{"embeddable":true,"href":"http:\/\/www.farabrodnica.pl\/wordpress\/wp-json\/wp\/v2\/users\/1"}],"replies":[{"embeddable":true,"href":"http:\/\/www.farabrodnica.pl\/wordpress\/wp-json\/wp\/v2\/comments?post=38977"}],"version-history":[{"count":4,"href":"http:\/\/www.farabrodnica.pl\/wordpress\/wp-json\/wp\/v2\/posts\/38977\/revisions"}],"predecessor-version":[{"id":39014,"href":"http:\/\/www.farabrodnica.pl\/wordpress\/wp-json\/wp\/v2\/posts\/38977\/revisions\/39014"}],"wp:featuredmedia":[{"embeddable":true,"href":"http:\/\/www.farabrodnica.pl\/wordpress\/wp-json\/wp\/v2\/media\/38978"}],"wp:attachment":[{"href":"http:\/\/www.farabrodnica.pl\/wordpress\/wp-json\/wp\/v2\/media?parent=38977"}],"wp:term":[{"taxonomy":"category","embeddable":true,"href":"http:\/\/www.farabrodnica.pl\/wordpress\/wp-json\/wp\/v2\/categories?post=38977"},{"taxonomy":"post_tag","embeddable":true,"href":"http:\/\/www.farabrodnica.pl\/wordpress\/wp-json\/wp\/v2\/tags?post=38977"}],"curies":[{"name":"wp","href":"https:\/\/api.w.org\/{rel}","templated":true}]}}