{"id":343407,"date":"2025-05-21T10:02:11","date_gmt":"2025-05-21T08:02:11","guid":{"rendered":"https:\/\/www.farabrodnica.pl\/wordpress\/?p=343407"},"modified":"2025-05-21T10:05:14","modified_gmt":"2025-05-21T08:05:14","slug":"dzien-dziecka-w-brodnicy","status":"publish","type":"post","link":"http:\/\/www.farabrodnica.pl\/wordpress\/2025\/05\/21\/dzien-dziecka-w-brodnicy\/","title":{"rendered":"DZIE\u0143 DZIECKA W BRODNICY"},"content":{"rendered":"\t\t<div data-elementor-type=\"wp-post\" data-elementor-id=\"343407\" class=\"elementor elementor-343407\" data-elementor-post-type=\"post\">\n\t\t\t\t\t\t<section class=\"elementor-section elementor-top-section elementor-element elementor-element-f9bd526 elementor-section-boxed elementor-section-height-default elementor-section-height-default\" data-id=\"f9bd526\" data-element_type=\"section\" data-settings=\"{&quot;_ha_eqh_enable&quot;:false}\">\n\t\t\t\t\t\t<div class=\"elementor-container elementor-column-gap-default\">\n\t\t\t\t\t<div class=\"elementor-column elementor-col-100 elementor-top-column elementor-element elementor-element-3696a2b\" data-id=\"3696a2b\" data-element_type=\"column\">\n\t\t\t<div class=\"elementor-widget-wrap elementor-element-populated\">\n\t\t\t\t\t\t<div class=\"elementor-element elementor-element-1dc17be elementor-widget elementor-widget-text-editor\" data-id=\"1dc17be\" data-element_type=\"widget\" data-widget_type=\"text-editor.default\">\n\t\t\t\t<div class=\"elementor-widget-container\">\n\t\t\t\t\t\t\t<blockquote><div><div>Z okazji Mi\u0119dzynarodowego Dnia Dziecka zapraszamy wszystkie dzieci wraz z rodzinami do wsp\u00f3lnego \u015bwi\u0119towania. Wydarzenie rozpocznie si\u0119 o godzinie 14.00 1 czerwca w Parku Anny Waz\u00f3wny oraz wok\u00f3\u0142 ruin zamku krzy\u017cackiego.<br \/><br \/>W programie przewidziano m. in. darmowe dmucha\u0144ce, darmowy pocz\u0119stunek, przeja\u017cd\u017cki kucykiem, konkursy z nagrodami, wyst\u0119py taneczne, zumb\u0119, warsztaty cyrkowe, animacje, gry planszowe i zr\u0119czno\u015bciowe, szachy, malowanie twarzy, k\u0105ciki plastyczne, zabawy z balonami, a tak\u017ce obecno\u015b\u0107 \u017cywych maskotek \u2013 Tom i Jerry. Nie zabraknie tak\u017ce czytania na kocyku, parady postaci bajkowych, literackiego ko\u0142a fortuny i Memo, punktu wymiany ksi\u0105\u017cek oraz kiermaszu dzieci\u0119cej ksi\u0105\u017cki. Ciekaw\u0105 propozycj\u0105 b\u0119dzie gra z elementem poszukiwa\u0144 i niespodzianek oraz fotobudka.<br \/><br \/>Na terenie wok\u00f3\u0142 zamku odb\u0119dzie si\u0119 pokaz kowalski w ku\u017ani, wyr\u00f3b naczy\u0144 ceramicznych oraz bi\u017cuterii, warsztaty plastyczne, wsp\u00f3lne kolorowanie, zaplatanie warkoczyk\u00f3w, robienie bransoletek przyja\u017ani, Cosplay z postaciami z bajek Disneya, a tak\u017ce strzelanie z \u0142uku i szermierka z u\u017cyciem bezpiecznych mieczy.<br \/><br \/>O godzinie 14.45 na scenie w Parku Jana Paw\u0142a II odb\u0119dzie si\u0119 spektakl teatralny o charakterze profilaktycznym pt. \u201eDziki Zach\u00f3d\u201d.<br \/><br \/>Dodatkowo, z okazji \u015bwi\u0119ta, 1 czerwca wst\u0119p do wszystkich obiekt\u00f3w muzealnych w Brodnicy b\u0119dzie ca\u0142kowicie bezp\u0142atny.<br \/>Organizatorem wydarzenia jest Urz\u0105d Miejski w Brodnicy, wsp\u00f3\u0142organizatorami: Brodnicki Dom Kultury, Miejska i Powiatowa Biblioteka Publiczna w Brodnicy oraz Muzeum w Brodnicy<br \/><br \/>Wydarzeniu towarzyszy\u0107 b\u0119dzie Festiwal &#8220;Podaruj Sobie Spok\u00f3j&#8221; \u2013 Otwarcie Sezonu Turystycznego&#8221;. O godz. 14.00 w Parku Jana Paw\u0142a II czeka\u0107 b\u0119dzie mn\u00f3stwo atrakcji:<br \/><br \/>Strefa Aktywnej Turystyki<br \/><br \/>Strefa Relaksu i Zdrowia<br \/><br \/>Strefa Zdrowej \u017bywno\u015bci i Produkt\u00f3w Regionalnych<br \/><br \/>Strefa Kulturalna i Edukacyjna<br \/><br \/>Na scenie:<br \/><br \/>\u2013 wyst\u0119py lokalnych artyst\u00f3w<br \/><br \/>\u2013 konkursy z nagrodami<br \/><br \/>\u2013 koncert zespo\u0142u Do Dna<br \/><br \/>\u2013 koncert zespo\u0142u cosmos<br \/><br \/>Organizatorem wydarzenia jest Urz\u0105d Miejski w Brodnicy. Partnerzy: Stanica Wodna Bachotek PTTK, LGD Lokalna Grupa Dzia\u0142ania Miasta Brodnicy, Muzeum w Brodnicy, G\u00f3rzno Park Linowy, Brodnicki Park Krajobrazowy, G\u00f3rznie\u0144sko-Lidzbarski Park Krajobrazowy.<br \/><br \/>Projekt jest wsp\u00f3\u0142finansowany ze \u015brodk\u00f3w Kujawsko-Pomorska Organizacja Turystyczna, operatora turystycznej marki wojew\u00f3dztwa &#8220;Kujawsko-Pomorskie Konstelacje Dobrych Miejsc&#8221;<\/div><\/div><\/blockquote>\t\t\t\t\t\t<\/div>\n\t\t\t\t<\/div>\n\t\t\t\t<div class=\"elementor-element elementor-element-181945b elementor-widget elementor-widget-image\" data-id=\"181945b\" data-element_type=\"widget\" data-widget_type=\"image.default\">\n\t\t\t\t<div class=\"elementor-widget-container\">\n\t\t\t\t\t\t\t\t\t\t\t\t\t<img fetchpriority=\"high\" decoding=\"async\" width=\"724\" height=\"1024\" src=\"http:\/\/www.farabrodnica.pl\/wordpress\/wp-content\/uploads\/2025\/05\/Wlasciwy-sezon-turystyczny-2025-Plakat-724x1024.jpg\" class=\"attachment-large size-large wp-image-343413\" alt=\"\" srcset=\"http:\/\/www.farabrodnica.pl\/wordpress\/wp-content\/uploads\/2025\/05\/Wlasciwy-sezon-turystyczny-2025-Plakat-724x1024.jpg 724w, http:\/\/www.farabrodnica.pl\/wordpress\/wp-content\/uploads\/2025\/05\/Wlasciwy-sezon-turystyczny-2025-Plakat-212x300.jpg 212w, http:\/\/www.farabrodnica.pl\/wordpress\/wp-content\/uploads\/2025\/05\/Wlasciwy-sezon-turystyczny-2025-Plakat-768x1086.jpg 768w, http:\/\/www.farabrodnica.pl\/wordpress\/wp-content\/uploads\/2025\/05\/Wlasciwy-sezon-turystyczny-2025-Plakat-1086x1536.jpg 1086w, http:\/\/www.farabrodnica.pl\/wordpress\/wp-content\/uploads\/2025\/05\/Wlasciwy-sezon-turystyczny-2025-Plakat-1448x2048.jpg 1448w, http:\/\/www.farabrodnica.pl\/wordpress\/wp-content\/uploads\/2025\/05\/Wlasciwy-sezon-turystyczny-2025-Plakat-scaled.jpg 1810w\" sizes=\"(max-width: 724px) 100vw, 724px\" \/>\t\t\t\t\t\t\t\t\t\t\t\t\t<\/div>\n\t\t\t\t<\/div>\n\t\t\t\t\t<\/div>\n\t\t<\/div>\n\t\t\t\t\t<\/div>\n\t\t<\/section>\n\t\t\t\t<\/div>\n\t\t","protected":false},"excerpt":{"rendered":"<p>Z okazji Mi\u0119dzynarodowego Dnia Dziecka zapraszamy wszystkie dzieci wraz z rodzinami do wsp\u00f3lnego \u015bwi\u0119towania. Wydarzenie rozpocznie si\u0119 o godzinie 14.00 1 czerwca w Parku Anny Waz\u00f3wny oraz wok\u00f3\u0142 ruin zamku krzy\u017cackiego. W programie przewidziano m. in. darmowe dmucha\u0144ce, darmowy pocz\u0119stunek, przeja\u017cd\u017cki kucykiem, konkursy z nagrodami, wyst\u0119py taneczne, zumb\u0119, warsztaty cyrkowe, animacje, gry planszowe i zr\u0119czno\u015bciowe, [&hellip;]<\/p>\n","protected":false},"author":1,"featured_media":343419,"comment_status":"closed","ping_status":"open","sticky":false,"template":"","format":"standard","meta":{"footnotes":""},"categories":[74,66,68,97,100],"tags":[],"_links":{"self":[{"href":"http:\/\/www.farabrodnica.pl\/wordpress\/wp-json\/wp\/v2\/posts\/343407"}],"collection":[{"href":"http:\/\/www.farabrodnica.pl\/wordpress\/wp-json\/wp\/v2\/posts"}],"about":[{"href":"http:\/\/www.farabrodnica.pl\/wordpress\/wp-json\/wp\/v2\/types\/post"}],"author":[{"embeddable":true,"href":"http:\/\/www.farabrodnica.pl\/wordpress\/wp-json\/wp\/v2\/users\/1"}],"replies":[{"embeddable":true,"href":"http:\/\/www.farabrodnica.pl\/wordpress\/wp-json\/wp\/v2\/comments?post=343407"}],"version-history":[{"count":8,"href":"http:\/\/www.farabrodnica.pl\/wordpress\/wp-json\/wp\/v2\/posts\/343407\/revisions"}],"predecessor-version":[{"id":343420,"href":"http:\/\/www.farabrodnica.pl\/wordpress\/wp-json\/wp\/v2\/posts\/343407\/revisions\/343420"}],"wp:featuredmedia":[{"embeddable":true,"href":"http:\/\/www.farabrodnica.pl\/wordpress\/wp-json\/wp\/v2\/media\/343419"}],"wp:attachment":[{"href":"http:\/\/www.farabrodnica.pl\/wordpress\/wp-json\/wp\/v2\/media?parent=343407"}],"wp:term":[{"taxonomy":"category","embeddable":true,"href":"http:\/\/www.farabrodnica.pl\/wordpress\/wp-json\/wp\/v2\/categories?post=343407"},{"taxonomy":"post_tag","embeddable":true,"href":"http:\/\/www.farabrodnica.pl\/wordpress\/wp-json\/wp\/v2\/tags?post=343407"}],"curies":[{"name":"wp","href":"https:\/\/api.w.org\/{rel}","templated":true}]}}