{"id":343343,"date":"2025-04-21T11:00:08","date_gmt":"2025-04-21T09:00:08","guid":{"rendered":"https:\/\/www.farabrodnica.pl\/wordpress\/?p=343343"},"modified":"2025-04-21T11:14:44","modified_gmt":"2025-04-21T09:14:44","slug":"papiez-franciszek-zmarl-rano-w-domu-swietej-marty","status":"publish","type":"post","link":"http:\/\/www.farabrodnica.pl\/wordpress\/2025\/04\/21\/papiez-franciszek-zmarl-rano-w-domu-swietej-marty\/","title":{"rendered":"Papie\u017c Franciszek zmar\u0142 rano w Domu \u015awi\u0119tej Marty"},"content":{"rendered":"\t\t<div data-elementor-type=\"wp-post\" data-elementor-id=\"343343\" class=\"elementor elementor-343343\" data-elementor-post-type=\"post\">\n\t\t\t\t\t\t<section class=\"elementor-section elementor-top-section elementor-element elementor-element-6794d7a elementor-section-boxed elementor-section-height-default elementor-section-height-default\" data-id=\"6794d7a\" data-element_type=\"section\" data-settings=\"{&quot;_ha_eqh_enable&quot;:false}\">\n\t\t\t\t\t\t<div class=\"elementor-container elementor-column-gap-default\">\n\t\t\t\t\t<div class=\"elementor-column elementor-col-100 elementor-top-column elementor-element elementor-element-65cd798\" data-id=\"65cd798\" data-element_type=\"column\">\n\t\t\t<div class=\"elementor-widget-wrap elementor-element-populated\">\n\t\t\t\t\t\t<div class=\"elementor-element elementor-element-9f8cbf2 elementor-widget elementor-widget-text-editor\" data-id=\"9f8cbf2\" data-element_type=\"widget\" data-widget_type=\"text-editor.default\">\n\t\t\t\t<div class=\"elementor-widget-container\">\n\t\t\t\t\t\t\t<p>Bie\u017c\u0105ce informacje: <a href=\"https:\/\/www.vaticannews.va\/pl.html\">https:\/\/www.vaticannews.va\/pl.html<\/a><\/p><p>\u017ar\u00f3d\u0142o: <a href=\"https:\/\/www.vaticannews.va\/pl\/papiez\/news\/2025-04\/papiez-franciszek-odszedl-do-domu-ojca.html\">https:\/\/www.vaticannews.va\/pl\/papiez\/news\/2025-04\/papiez-franciszek-odszedl-do-domu-ojca.html<\/a><\/p><p>\u017ar\u00f3d\u0142o: <a href=\"https:\/\/www.vaticannews.va\/pl\/papiez\/news\/2025-04\/papiez-franciszek-dwanascie-lat-rozpoczynania-procesow-nowych.html\">https:\/\/www.vaticannews.va\/pl\/papiez\/news\/2025-04\/papiez-franciszek-dwanascie-lat-rozpoczynania-procesow-nowych.html<\/a><\/p><p>\u00a0<\/p>\t\t\t\t\t\t<\/div>\n\t\t\t\t<\/div>\n\t\t\t\t<div class=\"elementor-element elementor-element-b91daa3 elementor-widget elementor-widget-text-editor\" data-id=\"b91daa3\" data-element_type=\"widget\" data-widget_type=\"text-editor.default\">\n\t\t\t\t<div class=\"elementor-widget-container\">\n\t\t\t\t\t\t\t<h1 class=\"article__title\" style=\"text-align: center;\">Papie\u017c Franciszek odszed\u0142 do Domu Ojca<\/h1><div class=\"article__subTitle\" style=\"text-align: justify;\">Papie\u017c Franciszek zmar\u0142 w Poniedzia\u0142ek Wielkanocny o godzinie 7.35 w Domu \u015awi\u0119tej Marty.<\/div><div class=\"title__separator\" style=\"text-align: justify;\">\u00a0<\/div><div class=\"article__text\"><p style=\"text-align: justify;\">Informacj\u0119 o \u015bmierci Papie\u017ca Franciszka przekaza\u0142 przed godz. 10 z kaplicy Domu \u015awi\u0119tej Marty kamerling \u015awi\u0119tego Ko\u015bcio\u0142a Rzymskiego kard. Kevin Farrell.<\/p><p style=\"text-align: justify;\">&#8220;Najdro\u017csi bracia i siostry, z g\u0142\u0119okim b\u00f3lem musz\u0119 og\u0142osi\u0107 \u015bmier\u0107 naszego Ojca \u015awi\u0119tego Franciszka. O godzinie 7.35 tego ranka biskup Rzymu Franciszek powr\u00f3ci\u0142 do Domu Ojca&#8221; &#8211; powiedzia\u0142 kard. Farrell. &#8220;Ca\u0142e jego \u017aycie tu na ziemi by\u0142o ofiarowane w s\u0142u\u017cbie Panu i Jego Ko\u015bcio\u0142owi. Uczy\u0142 nas wiernego \u017cycia warto\u015bciami Ewangelii, odwagi i uniwersalnej mi\u0142o\u015bci. W szczeg\u00f3lny spos\u00f3b troszczy\u0142 si\u0119 o biednych i osoby marginalizowane&#8221; &#8211; doda\u0142.<\/p><p style=\"text-align: justify;\">&#8220;Z ogromn\u0105 wdzi\u0119czno\u015bci\u0105 za jego przyk\u0142ad prawdziwego ucznia Pana Jezusa powierzamy dusz\u0119 Papie\u017ca niesko\u0144czonej mi\u0142osiernej mi\u0142o\u015bci Tr\u00f3jjedynego Boga&#8221; &#8211; zako\u0144czy\u0142 kardyna\u0142 kamerling.<\/p><\/div>\t\t\t\t\t\t<\/div>\n\t\t\t\t<\/div>\n\t\t\t\t<div class=\"elementor-element elementor-element-58c45c8 elementor-widget elementor-widget-text-editor\" data-id=\"58c45c8\" data-element_type=\"widget\" data-widget_type=\"text-editor.default\">\n\t\t\t\t<div class=\"elementor-widget-container\">\n\t\t\t\t\t\t\t<h1 class=\"article__title\" style=\"text-align: justify;\">Papie\u017c Franciszek, dwana\u015bcie lat rozpoczynania proces\u00f3w, nowych impuls\u00f3w i otwartych drzwi<\/h1><div class=\"article__subTitle\" style=\"text-align: justify;\">Pontyfikat Ojca \u015awi\u0119tego Franciszka by\u0142 pe\u0142en podr\u00f3\u017cy, reform, dokument\u00f3w, restrukturyzacji instytucji ko\u015bcielnych, zaanga\u017cowania na rzecz pokoju, ubogich i migrant\u00f3w. By\u0142 osadzony na horyzoncie nowo\u015bci i braterstwa.<\/div><div class=\"title__separator\" style=\"text-align: justify;\">\u00a0<\/div><div class=\"article__text\"><p style=\"text-align: justify;\"><b>Salvatore Cernuzio \u2013 Watykan<\/b><\/p><p style=\"text-align: justify;\">Pontyfikat Jorge Maria Bergolio by\u0142 pierwszym pod wieloma wzgl\u0119dami. By\u0142 on pierwszym papie\u017cem z zakonu jezuit\u00f3w; pierwszym Papie\u017cem pochodz\u0105cym z Ameryki \u0141aci\u0144skiej; pierwszym, kt\u00f3ry przyj\u0105\u0142 imi\u0119 Franciszek bez liczby porz\u0105dkowej; pierwszym wybranym, gdy poprzednik wci\u0105\u017c \u017cy\u0142; pierwszym, kt\u00f3ry zamieszka\u0142 poza Pa\u0142acem Apostolskim; pierwszym, kt\u00f3ry odwiedzi\u0142 kraje, gdzie jeszcze nie by\u0142 \u017caden Papie\u017c \u2013 od Iraku po Korsyk\u0119 \u2013; pierwszym, kt\u00f3ry podpisa\u0142 Deklaracj\u0119 Braterstwa z jednym z najwi\u0119kszych autorytet\u00f3w islamskich.<\/p><p style=\"text-align: justify;\">By\u0142 tak\u017ce pierwszym Papie\u017cem, kt\u00f3ry powo\u0142a\u0142 Rad\u0119 Kardyna\u0142\u00f3w do rz\u0105dzenia Ko\u015bcio\u0142em, przyzna\u0142 role odpowiedzialno\u015bci kobietom i \u015bwieckim w Kurii, zwo\u0142a\u0142 synod, w kt\u00f3rym pocz\u0105tkowo uczestniczy\u0142 lud Bo\u017cy, zni\u00f3s\u0142 sekret papieski w sprawach przest\u0119pstw seksualnych oraz usun\u0105\u0142 kar\u0119 \u015bmierci z Katechizmu.<\/p><p style=\"text-align: justify;\">Ponadto, by\u0142 pierwszym, kt\u00f3ry kierowa\u0142 Ko\u015bcio\u0142em w czasach, gdy na \u015bwiecie nie toczy si\u0119 jedna wielka wojna, lecz wiele konflikt\u00f3w \u2013 ma\u0142ych i du\u017cych, rozgrywanych na r\u00f3\u017cnych kontynentach. Wojna, kt\u00f3ra \u201ezawsze jest pora\u017ck\u0105\u201d, jak powtarza\u0142 w ponad 300 apelach, nawet wtedy, gdy ju\u017c jego g\u0142os milkn\u0105\u0142, i kt\u00f3ra zdominowa\u0142a wszystkie ostatnie publiczne wypowiedzi w zwi\u0105zku z wojn\u0105 na Ukrainie i konfliktami na Bliskim Wschodzie.<\/p><p style=\"text-align: justify;\"><b>Rozpocz\u0119cie proces\u00f3w<\/b><\/p><p style=\"text-align: justify;\">Papie\u017c Franciszek prawdopodobnie nie chcia\u0142by, aby poj\u0119cie \u201epierwszo\u015bci\u201d wi\u0105za\u0142o si\u0119 z jego pontyfikatem, kt\u00f3ry w ci\u0105gu tych 12 lat nie mia\u0142 na celu osi\u0105ganie rekord\u00f3w czy uzyskiwanie \u201epierwsze\u0144stw\u201d, lecz inicjowanie proces\u00f3w. Proces\u00f3w b\u0119d\u0105cych w toku, zako\u0144czonych lub odleg\u0142ych, proces\u00f3w prawdopodobnie nieodwracalnych, tak\u017ce dla tych, kt\u00f3rzy zasi\u0105d\u0105 na tronie Piotrowym po nim. Dzia\u0142ania te generuj\u0105 \u201enowe dynamiki\u201d zar\u00f3wno w spo\u0142ecze\u0144stwie, jak i w Ko\u015bciele \u2013 jak napisa\u0142 w tzw. \u201emapie drogowej\u201d swojego pontyfikatu, czyli w adhortacji apostolskiej Evangelii Gaudium. Zosta\u0142a ona napisana z my\u015bl\u0105 o spotkaniach, wymianie i kolegialno\u015bci.<\/p><p style=\"text-align: justify;\"><b>Z kra\u0144c\u00f3w \u015bwiata<\/b><\/p><p style=\"text-align: justify;\">\u201eRozpocznijmy t\u0119 drog\u0119, biskupie i ludu\u201d \u2013 takie by\u0142y pierwsze s\u0142owa wypowiedziane przez Papie\u017ca z Loggii B\u0142ogos\u0142awie\u0144stw, zaraz po wyborze 13 marca 2013 roku. Do zgromadzonych na Placu \u015bw. Piotra 76-letni papie\u017c, wybrany z \u201ekra\u0144c\u00f3w \u015bwiata\u201d, zwr\u00f3ci\u0142 si\u0119 z pro\u015bb\u0105 o b\u0142ogos\u0142awie\u0144stwo. Wsp\u00f3lnie z lud\u017ami chcia\u0142 odm\u00f3wi\u0107 Zdrowa\u015b Maryjo. A m\u00f3wi\u0142 w j\u0119zyku w\u0142oskim, kt\u00f3rego dot\u0105d nie u\u017cywa\u0142 na co dzie\u0144, zwa\u017cywszy na to, \u017ce rzadko odwiedza\u0142 Rzym i by\u0142 got\u00f3w spakowa\u0107 walizki zaraz po konklawe.<\/p><p style=\"text-align: justify;\">Nast\u0119pnie pragn\u0105\u0142 pozdrowi\u0107 ludzi. Uda\u0142 si\u0119 wi\u0119c do parafii \u015bw. Annyw Watykanie, jak r\u00f3wnie\u017c Bazyliki Santa Maria Maggiore, zawierzaj\u0105c si\u0119 Matce Bo\u017cej czczonej jako ta, kt\u00f3ra jest ratunkiem ludu rzymskiego \u2013 Salus Populi Romani. Maryja sta\u0142a si\u0119 opiekunk\u0105 jego pontyfikatu, kt\u00f3rej niezmiennie oddawa\u0142 ho\u0142d w najwa\u017cniejszych momentach. I w\u0142a\u015bnie w tej bazylice Franciszek chcia\u0142 mie\u0107 sw\u00f3j gr\u00f3b.<\/p><p style=\"text-align: justify;\"><b>Pasterz w\u015br\u00f3d ludzi<\/b><\/p><p style=\"text-align: justify;\">Papie\u017c wyra\u017ca\u0142 na r\u00f3\u017cne sposoby ch\u0119\u0107 bycia blisko ludzi. Robi\u0142 to poprzez wizyty u pracownik\u00f3w watyka\u0144skich biur, podczas Pi\u0105tk\u00f3w Mi\u0142osierdzia w Jubileuszowym Roku Mi\u0142osierdzia 2016 w miejscach marginalizacji i wykluczenia, poprzez celebracje Wielkiego Czwartku w wi\u0119zieniach, domach opieki i o\u015brodkach przyjmuj\u0105cych migrant\u00f3w, a tak\u017ce w trakcie podr\u00f3\u017cy po parafiach rzymskich przedmie\u015b\u0107 oraz niespodziewane wizyty i telefony. Ukazywa\u0142 to tak\u017ce w ka\u017cdej swojej apostolskiej podr\u00f3\u017cy \u2013 pocz\u0105wszy od pierwszej wizyty w Brazylii w 2013 roku, odziedziczonej po Benedykcie XVI, kt\u00f3rej niezapomnianym momentem by\u0142 kadr, gdy papamobile utkn\u0119\u0142o po\u015br\u00f3d t\u0142umu.<\/p><p style=\"text-align: justify;\"><b>Pierwszy papie\u017c w Iraku<\/b><\/p><p style=\"text-align: justify;\">Franciszek odby\u0142 47. mi\u0119dzynarodowych pielgrzymek, zorganizowanych w odpowiedzi na wydarzenia, kt\u00f3re tam mia\u0142 miejsce, na zaproszenia w\u0142adz lub wynikaj\u0105ce z pewnego wewn\u0119trznego impulsu \u2013 jak sam ujawni\u0142 podczas lotu powrotnego z Iraku. Przyk\u0142adme tego jest w\u0142a\u015bnie Irak: trzy dni w marcu 2021 roku mi\u0119dzy Bagdadem, Ur, Erbilem, Mosul\u0105 i Qaraqosh. Papie\u017c odwiedzi\u0142 miejscowo\u015bci nadal nosz\u0105ce widoczne blizny terrorystycznego dziedzictwa, z krwi\u0105 na murach i namiotach uchod\u017ac\u00f3w rozsianych wzd\u0142u\u017c ulic, w \u015brodku pandemii Covid i w\u015br\u00f3d og\u00f3lnych obaw o bezpiecze\u0144stwo.<\/p><p style=\"text-align: justify;\">Podr\u00f3\u017c, odradzana przez wielu ze wzgl\u0119du na zagro\u017cenia zdrowotne oraz ryzyko atak\u00f3w, odbyta zosta\u0142a za wszelk\u0105 cen\u0119. \u201eNajpi\u0119kniejsz\u0105 podr\u00f3\u017c\u201d \u2013 jak zawsze podkre\u015bla\u0142 Franciszek \u2013 by\u0142 on pierwszym papie\u017cem, kt\u00f3ry postawi\u0142 stop\u0119 na ziemi Abrahama, tam, gdzie Jan Pawe\u0142 II nie dotar\u0142, oraz kt\u00f3ry odby\u0142 rozmow\u0119 z szyickim liderem, Al-Sistani.<\/p><p style=\"text-align: justify;\"><b>\u015awi\u0119te Drzwi w Bangui i najd\u0142u\u017csza podr\u00f3\u017c po Azji Po\u0142udniowo-Wschodniej oraz Oceanii<\/b><\/p><p style=\"text-align: justify;\">Determinacja popchn\u0119\u0142a Franciszka do Iraku, podobnie jak w 2015 roku do Bangui \u2013 stolicy Republiki \u015arodkowoafryka\u0144skiej, rozdartej wojn\u0105 domow\u0105. W czasie tej wizyty le\u017ca\u0142y na ulicach cia\u0142a ofiar. W afryka\u0144skim kraju Franciszek otworzy\u0142 \u015awi\u0119te Drzwi Jubileuszu Mi\u0142osierdzia. By\u0142a to ceremonia pe\u0142na wzrusze\u0144. Jednocze\u015bnie by\u0142 to symboliczny moment, bowiem Rok \u015awi\u0119ty zosta\u0142 otwarty nie w Rzymie, jak zazwyczaj, lecz w jednym z najbiedniejszych region\u00f3w \u015bwiata.<\/p><p style=\"text-align: justify;\">Podobn\u0105 determinacj\u0119 wykaza\u0142 Papie\u017c, decyduj\u0105c si\u0119 w wieku 87 lat na najd\u0142u\u017csz\u0105 podr\u00f3\u017c swojego pontyfikatu. We wrze\u015bniu 2024 roku odwiedzi\u0142 Indonezj\u0119, Papu\u0119-Now\u0105 Gwine\u0119, Timor Wschodni i Singapur. Pi\u0119tna\u015bcie dni, dwa kontynenty, cztery strefy czasowe, 32 814 km przebyte samolotem \u2013 cztery odr\u0119bne \u015bwiaty, z kt\u00f3rych ka\u017cdy reprezentowa\u0142 kluczowe tematy swego nauczania: braterstwo i dialog mi\u0119dzyreligijny, peryferie i kryzys klimatyczny, pojednanie i wiar\u0119, a tak\u017ce bogactwo i rozw\u00f3j s\u0142u\u017c\u0105cy walce z ub\u00f3stwem.<\/p><p style=\"text-align: justify;\"><b>Od Lampedusy do Juby<\/b><\/p><p style=\"text-align: justify;\">Nie spos\u00f3b pomin\u0105\u0107 pierwszej wyprawy poza Rzym \u2013 na ma\u0142\u0105 wysp\u0119 Lampedusa, miejsce wielkich tragedii migracyjnych. Podobne przes\u0142anie ni\u00f3s\u0142 w podw\u00f3jnej wizycie na wyspie Lesbos (w 2016 oraz 2021 roku), gdzie odwiedza\u0142 kontenery i namioty uchod\u017ac\u00f3w.<\/p><p style=\"text-align: justify;\">W historii pontyfikatu znalaz\u0142y si\u0119 tak\u017ce wizyty w Ziemi \u015awi\u0119tej (2014); w Szwecji, w Lund (2016) z okazji obchod\u00f3w 500. rocznicy reformacji lutera\u0144skiej; w Kanadzie (2022), gdzie prosi\u0142 o przebaczenie ludno\u015bci tubylczej za winy przedstawicieli Ko\u015bcio\u0142a katolickiego. Nast\u0119pnie, w 2023 roku, odby\u0142 wizyty w Demokratycznej Republice Konga oraz w Sudanie Po\u0142udniowym \u2013 ostatni etap wsp\u00f3lnie z arcybiskupem Canterbury Justinem Welby i moderatorem Zgromadzenia Og\u00f3lnego Ko\u015bcio\u0142a Szkockiego Ianem Greenshields, maj\u0105ce podkre\u015bli\u0107 ekumeniczn\u0105 wol\u0119 leczenia ran. Te same rany, o kt\u00f3rych apelowa\u0142 do lider\u00f3w Sudanu Po\u0142udniowego, zgromadzonych na dwudniowych rekolekcjach w Domu \u015aw. Marty, zako\u0144czy\u0142 dramatycznym gestem \u2013 poca\u0142owaniem ich st\u00f3p.<\/p><p style=\"text-align: justify;\"><b>Kuba i Stany Zjednoczone \u2013 nowe rozdzia\u0142y dyplomacji<\/b><\/p><p style=\"text-align: justify;\">W 2015 roku Franciszek odby\u0142 podr\u00f3\u017c do Kuby i Stan\u00f3w Zjednoczonych, kt\u00f3ra symbolicznie opiecz\u0119towa\u0142a nawi\u0105zanie stosunk\u00f3w dyplomatycznych mi\u0119dzy tymi dwoma krajami. Historyczne wydarzenie, nad kt\u00f3rym Papie\u017c pracowa\u0142 przez miesi\u0105ce, obejmowa\u0142o wysy\u0142anie list\u00f3w do Baracka Obamy i Ra\u00fala Castro, zach\u0119caj\u0105c ich do \u201erozpocz\u0119cia nowego rozdzia\u0142u\u201d. To sam Obama publicznie podzi\u0119kowa\u0142 Papie\u017cowi. W Hawanie odby\u0142o si\u0119 r\u00f3wnie\u017c spotkanie z patriarch\u0105 Cyrylem oraz podpisanie wsp\u00f3lnego o\u015bwiadczenia, kt\u00f3re mia\u0142o wprowadzi\u0107 w \u017cycie \u201eekumenizm mi\u0142o\u015bci\u201d \u2013 zobowi\u0105zanie chrze\u015bcijan do budowania bardziej braterskiej ludzko\u015bci. Zaanga\u017cowanie to, kilka lat p\u00f3\u017aniej, sta\u0142o si\u0119 tragicznie aktualne, gdy wybuch\u0142a wojna w sercu Europy.<\/p><p style=\"text-align: justify;\"><b>Podpisanie Dokumentu o Braterstwie Ludzkim w Abu Dhabi<\/b><\/p><p style=\"text-align: justify;\">Nie mniej istotnym wydarzeniem by\u0142a wizyta w Abu Dhabi w 2019 roku, podczas kt\u00f3rej Papie\u017c, wsp\u00f3lnie z wielkim imamem Al-Tayebem, podpisa\u0142 dokument \u201eo braterstwie i przyja\u017ani spo\u0142ecznej\u201d. Akt ten by\u0142 kulminacj\u0105 \u201eodmro\u017cenia\u201d relacji z sunnickim uniwersytetem Al-Azhar. Uroczysto\u015b\u0107 rozpocz\u0119\u0142a si\u0119 u\u015bciskiem w Domu \u015awi\u0119tej Marty i zako\u0144czy\u0142a podpisaniem tekstu, kt\u00f3ry od razu sta\u0142 si\u0119 fundamentem dialogu islamsko-chrze\u015bcija\u0144skiego.<\/p><p style=\"text-align: justify;\"><b>Encykliki<\/b><\/p><p style=\"text-align: justify;\">Do\u015bwiadczenia, dialog i gesty zwi\u0105zane z podr\u00f3\u017cam,i znalaz\u0142y wyraz w dokumentach pontyfikatu. Cztery encykliki: pierwsza,\u00a0\u201eLumen Fidei\u201d, po\u015bwi\u0119cona zagadnieniu wiary, opracowana wsp\u00f3lnie z Benedyktem XVI; nast\u0119pnie\u00a0\u201eLaudato si\u2019\u201d\u00a0\u2013 apel o \u201ezmian\u0119 kursu\u201d dla \u201enaszego wsp\u00f3lnego domu\u201d, zdeptanego przez zmiany klimatyczne i eksploatacj\u0119, maj\u0105cy pobudzi\u0107 dzia\u0142ania na rzecz wyeliminowania n\u0119dzy oraz sprawiedliwego dost\u0119pu do zasob\u00f3w planety. Trzecia encyklika,\u00a0\u201eFratelli Tutti\u201d, stanowi trzon magisterium i owoc Dokumentu z Abu Dhabi. G\u0142osi \u2013 jeszcze przed wybuchem kolejnych wojen \u2013 \u017ce braterstwo jest jedyn\u0105 drog\u0105 ku przysz\u0142o\u015bci ludzko\u015bci. Na koniec\u00a0\u201eDilexit Nos\u201d, kt\u00f3ra ma na celu przypomnienie tradycji i aktualno\u015bci my\u015bli o \u201emi\u0142o\u015bci ludzkiej i boskiej, p\u0142yn\u0105cej z serca Jezusa\u201d, wysy\u0142aj\u0105c przes\u0142anie do \u015bwiata zdaj\u0105cego si\u0119 traci\u0107 serce.<\/p><p style=\"text-align: justify;\"><b>Adhortacje apostolskie i Motu Proprio<\/b><\/p><p style=\"text-align: justify;\">Siedem adhortacji apostolskich \u2013 od ju\u017c wspomnianej\u00a0\u201eEvangelii Gaudium\u201d\u00a0a\u017c po\u00a0\u201eC\u2019est la confiance\u201d, wydanej z okazji 150. rocznicy urodzin \u015bw. Teresy od Dzieci\u0105tka Jezus. Po\u015br\u00f3d nich znajduj\u0105 si\u0119 r\u00f3wnie\u017c adhortacje posynodalne:\u00a0\u201eAmoris Laetitia\u201d (Synod o rodzinie);\u00a0\u201eChristus Vivit\u201d\u00a0(Synod o m\u0142odzie\u017cy);\u00a0\u201eQuerida Amazonia\u201d\u00a0(Synod Amazonii); \u201eGaudete et Exsultate\u201d\u00a0adhortacja dotycz\u0105ca wezwania do \u015bwi\u0119to\u015bci we wsp\u00f3\u0142czesnym \u015bwiecie oraz\u00a0\u201eLaudate Deum\u201d, naturalne przed\u0142u\u017cenie\u00a0encykliki \u201eLaudato si\u2019\u201d, uzupe\u0142niaj\u0105ce apel o konieczno\u015b\u0107 reakcji na rzecz Matki Ziemi, zanim nast\u0105pi \u201epunkt krytyczny\u201d.<\/p><p style=\"text-align: justify;\">Natomiast prawie sze\u015b\u0107dziesi\u0105t dokument\u00f3w typu \u201eMotu Proprio\u201d mia\u0142o na celu reform\u0119 struktur Kurii Rzymskiej i terytorium diecezji rzymskiej, modyfikacj\u0119 Prawa Kanonicznego oraz porz\u0105dku s\u0105downiczego Watykanu, wprowadzaj\u0105c bardziej rygorystyczne normy i procedury w walce z przest\u0119pstwami seksualnymi. Przyk\u0142adem jest\u00a0\u201eVos estis lux mundi\u201d\u00a0\u2013 dokument, kt\u00f3ry zawiera wnioski, wskaz\u00f3wki i zalecenia szczytu dotycz\u0105cego ochrony nieletnich w Watykanie, kt\u00f3ry si\u0119 odby\u0142 si\u0119 w lutym 2019 roku. To spotkanie stanowi\u0142o wa\u017cny punkt dzia\u0142a\u0144 przeciwko pedofilii w\u015br\u00f3d duchowie\u0144stwa i przest\u0119pstwom nie tylko o charakterze seksualnym, b\u0119d\u0105c jednocze\u015bnie wyrazem woli Ko\u015bcio\u0142a, by dzia\u0142a\u0107 zgodnie z prawd\u0105 i przejrzysto\u015bci\u0105 w duchu pokuty. Dzi\u0119ki\u00a0\u201eVos estis lux mundi\u201d\u00a0Franciszek ustanowi\u0142 nowe procedury zg\u0142aszania molestowania i przemocy oraz wprowadzi\u0142 koncepcj\u0119 odpowiedzialno\u015bci (accountability), zapewniaj\u0105c, \u017ce biskupi i prze\u0142o\u017ceni b\u0119d\u0105 musieli rozlicza\u0107 si\u0119 ze swoich dzia\u0142a\u0144.<\/p><p style=\"text-align: justify;\"><b>Reforma Kurii<\/b><\/p><p style=\"text-align: justify;\">Papie\u017c Franciszek nie zignorowa\u0142 rekomendacji kardyna\u0142\u00f3w wyra\u017conych podczas kongregacji przed konklawe, domagaj\u0105cych si\u0119 restrukturyzacji Kurii Rzymskiej, a szczeg\u00f3lnie watyka\u0144skich finans\u00f3w, przez lata uwik\u0142anych w skandale. To by\u0142 sta\u0142y punkt jego troski podczas ca\u0142ego pontyfikatu. Ju\u017c na pocz\u0105tku swej pos\u0142ugi Papie\u017c utworzy\u0142 Rad\u0119 Kardyna\u0142\u00f3w, C9 (kt\u00f3ra z biegiem lat przekszta\u0142ci\u0142a si\u0119 w C6 i C8 w wyniku zmian jej cz\u0142onk\u00f3w) \u2013 ma\u0142y \u201esenat\u201d, kt\u00f3ry mia\u0142 wspiera\u0107 go w zarz\u0105dzaniu Ko\u015bcio\u0142em uniwersalnym oraz pracowa\u0107 nad reform\u0105 Kurii Rzymskiej. Konsolidacja Dykasteri\u00f3w oraz inne zmiany struktur organizacyjnych by\u0142y wyra\u017anym sygna\u0142em trwaj\u0105cego procesu.<\/p><p style=\"text-align: justify;\">Kulminacyjnym krokiem by\u0142a apostolska konstytucja\u00a0\u201ePraedicate evangelium\u201d, d\u0142ugo oczekiwana, og\u0142oszona w 2022 roku bez wcze\u015bniejszych zapowiedzi, wprowadzaj\u0105ca znacz\u0105ce nowo\u015bci. W\u015br\u00f3d nich znalaz\u0142o si\u0119 utworzenie nowego Dycasterium ds. Ewangelizacji, bezpo\u015brednio kierowanego przez Papie\u017ca, oraz zaanga\u017cowanie \u015bwieckich \u201ew rolach\u00a0zarz\u0105dczych i odpowiedzialnych\u201d. Na tej fali zmian warto wymieni\u0107 mianowanie pierwszego \u015bwieckiego prefekta, Paolo Ruffini w Dykasterii ds. Komunikacji, pierwszej kobiety b\u0119d\u0105cej w randze prefekta \u2013 siostry Simony Brambilla w Dykasterii do spraw Instytut\u00f3w \u017bycia Konsekrowanego i Stowarzysze\u0144 \u017bycia Apostolskiego, oraz pierwszej kobiety b\u0119d\u0105cej\u00a0Przewodnicz\u0105c\u0105 Gubernatoratu Pa\u0144stwa Watyka\u0144skiego\u00a0\u2013 siostry Raffaelli Petrini.<\/p><p style=\"text-align: justify;\"><b>Kobiety<\/b><\/p><p style=\"text-align: justify;\">Kobiety stanowi\u0142y kolejny istotny w\u0105tek pontyfikatu Jorge Maria Bergoglo na tronie Piotrowym. Papie\u017c, bardziej ni\u017c ktokolwiek inny, powierza\u0142 kobietom role o wysokim stopniu odpowiedzialno\u015bci, powo\u0142a\u0142 dwie komisje zajmuj\u0105ce si\u0119 badaniem roli diakonis, a tak\u017ce nie przestawa\u0142 podkre\u015bla\u0107 \u201egeniuszu\u201d kobiecego oraz macierzy\u0144skiego wymiaru Ko\u015bcio\u0142a (przypominaj\u0105c, \u017ce \u201eKo\u015bci\u00f3\u0142 jest kobiecy\u201d, bo jest wsp\u00f3lnot\u0105, a nie jedynie instytucj\u0105). Ustawia\u0142 kobiety rami\u0119 w rami\u0119 z kardyna\u0142ami i biskupami przy sto\u0142ach ostatniego Synodu o Synodalno\u015bci \u2013 siostry zakonne, misjonarki, profesorki, ekspertki, teolo\u017cki \u2013 kt\u00f3rym da\u0142 po raz pierwszy prawo do g\u0142osowania.<\/p><p style=\"text-align: justify;\"><b>\u201eWszyscy, wszyscy, wszyscy\u201d<\/b><\/p><p style=\"text-align: justify;\">Jest kolejny przyk\u0142ad otwarcia, charakterystycznego dla Franciszka. Nie chodzi tu o gwa\u0142towne zerwanie z przesz\u0142o\u015bci\u0105 czy skoki, ani o tempo zbyt szybkie dla niekt\u00f3rych czy zbyt wolne dla innych. Chodzi o procesy. Procesy takie jak kwestia sakrament\u00f3w rozwiedzionym, ponownie \u017conatym, w kontek\u015bcie postrzegania Eucharystii jako \u201eleku\u201d dla grzesznik\u00f3w, a nie \u201epokarmu dla doskona\u0142ych\u201d; przyjmowanie os\u00f3b LGBTQ+ z zach\u0119t\u0105 do blisko\u015bci duszpasterskiej, gdy\u017c w Ko\u015bciele jest miejsce dla \u201ewszystkich, wszystkich, wszystkich\u201d; ci\u0105g\u0142y dialog z przedstawicielami innych wyzna\u0144 chrze\u015bcija\u0144skich i religii, po wiekach uprzedze\u0144 i podejrze\u0144, w duchu \u201eekumenizmu krwi\u201d. Spojrzenie skierowane na Chiny, wyra\u017cone poprzez Umow\u0119 tymczasow\u0105 dotycz\u0105c\u0105 mianowania biskup\u00f3w, podpisan\u0105 w 2019 roku i trzykrotnie odnawian\u0105, stanowi iskierk\u0119 dialogu, mimo potkni\u0119\u0107 i wznowie\u0144 w jej realizacji, ze \u201eszlachetnym narodem\u201d, kt\u00f3ry Papie\u017c pragn\u0105\u0142 odwiedzi\u0107 przez wszystkie te lata, co by\u0142o jego pragnieniem si\u0119gaj\u0105cym misyjnych aspiracji m\u0142odo\u015bci.<\/p><p style=\"text-align: justify;\"><b>Misyjno\u015b\u0107 i synodalno\u015b\u0107<\/b><\/p><p style=\"text-align: justify;\">Misyjno\u015b\u0107 to kolejny kluczowy temat pontyfikatu Franciszka. W rzeczywisto\u015bci \u201emisyjno\u015b\u0107\u201d stanowi powtarzane wezwanie, obecne zar\u00f3wno w tekstach, jak i homiliach, obok \u201esynodalno\u015bci\u201d \u2013 poj\u0119cia, kt\u00f3re wielokrotnie rozbrzmiewa\u0142o przez te dwana\u015bcie lat. Papie\u017c po\u015bwi\u0119ci\u0142 synodalno\u015bci a\u017c dwie sesje Synodu (w 2023 i 2024 roku), odnawiaj\u0105c struktur\u0119 i funkcjonowanie zgromadzenia, zdaj\u0105c sobie spraw\u0119 z konieczno\u015bci rozpocz\u0119cia drogi synodalnej \u201eod do\u0142u\u201d, oraz powo\u0142uj\u0105c dziesi\u0119\u0107 grup roboczych, by po zako\u0144czeniu prac pog\u0142\u0119bi\u0107 zagadnienia doktrynalne, teologiczne i duszpasterskie.<\/p><p style=\"text-align: justify;\"><b>Biedni i migranci<\/b><\/p><p style=\"text-align: justify;\">Z tego pontyfikatu zapadn\u0105 w pami\u0119\u0107 r\u00f3wnie\u017c wyra\u017cenia, kt\u00f3re ukszta\u0142towa\u0142y rzeczywisto\u015bci ko\u015bcielne, polityczne i spo\u0142eczne: \u201ekultura odrzucenia\u201d, \u201eglobalizacja oboj\u0119tno\u015bci\u201d, \u201eKo\u015bci\u00f3\u0142 ubogi dla ubogich\u201d, \u201eKo\u015bci\u00f3\u0142 w ruchu\u201d, \u201eduszpasterze pachn\u0105cy owcami\u201d oraz \u201eglobalna etyka solidarno\u015bci\u201d.<\/p><p style=\"text-align: justify;\">Pami\u0119\u0107 o ubogich utrwali\u0142a si\u0119 m.in. dzi\u0119ki ustanowieniu w 2017 roku Dnia, kt\u00f3ry jest im po\u015bwi\u0119cony. Podczas tych dni Papie\u017ca spotyka\u0142 si\u0119 na obiedzie z ubogimi w Auli Paw\u0142a VI, gdzie siedzia\u0142 rami\u0119 w rami\u0119 z bezdomnymi.<\/p><p style=\"text-align: justify;\">Nauczanie o migrantach, wyra\u017cone w czterech czasownikach: \u201eprzyjmowa\u0107, chroni\u0107, promowa\u0107 i integrowa\u0107\u201d, pozosta\u0142o programowym wskazaniem do stawienia czo\u0142a \u201ejednej z najwi\u0119kszych tragedii tego wieku\u201d. Nie zabrak\u0142o r\u00f3wnie\u017c wezwania do opracowania \u201egodnych kompromis\u00f3w\u201d jako rozwi\u0105za\u0144 konflikt\u00f3w rozdzieraj\u0105cych Europ\u0119, Bliski Wsch\u00f3d i Afryk\u0119.<\/p><p style=\"text-align: justify;\"><b>Zaanga\u017cowanie na rzecz pokoju<\/b><\/p><p style=\"text-align: justify;\">Konflikty, dr\u0119cz\u0105ce \u015bwiat w ostatnich latach, o kt\u00f3rych m\u00f3wi\u0142 apelach i listach do nuncjuszy oraz narod\u00f3w b\u0119d\u0105cych ofiarami przemocy, by\u0142y \u0142agodzone poprzez wideorozmowy \u2013 przede wszystkim codzienn\u0105 z parafi\u0105 w Gazie \u2013 a tak\u017ce poprzez misje kardyna\u0142\u00f3w i wysy\u0142k\u0119 niezb\u0119dnych artyku\u0142\u00f3w pierwszej potrzeby. \u201eNie przypuszcza\u0142em, \u017ce b\u0119d\u0119 Papie\u017cem w czasach wojny\u201d \u2013 wyzna\u0142 w pierwszym i jedynym podca\u015bcie dla watyka\u0144skich medi\u00f3w z okazji dziesi\u0119ciolecia swojego wyboru.<\/p><p style=\"text-align: justify;\">Pok\u00f3j stanowi\u0142 sta\u0142y cel pontyfikatu. Na jego rzecz Franciszek nieustannie wzywa\u0142 do modlitwy, inicjowa\u0142 Dni Postu i Modlitwy \u2013 dla Syrii, Libanu, Afganistanu, Ziemi \u015awi\u0119tej \u2013 anga\u017cuj\u0105cych wiernych z ka\u017cdego zak\u0105tka \u015bwiata; po\u015bwi\u0119ci\u0142 Rosj\u0119 i Ukrain\u0119 Niepokalanym Sercu Maryi w 2022 roku; organizowa\u0142 historyczne momenty, jak zasadzenie drzewa oliwkowego w Ogrodach Watyka\u0144skich 8 czerwca 2014 roku, wsp\u00f3lnie z prezydentami Izraela \u2013 Szimonem Peresem, oraz Palestyny \u2013 Mahmoudem Abbasem.<\/p><p style=\"text-align: justify;\">W trosce o pok\u00f3j Papie\u017c podejmowa\u0142 r\u00f3wnie\u017c gesty wykraczaj\u0105ce poza przyj\u0119te obyczaje \u2013 na przyk\u0142ad, dzie\u0144 po zrzuceniu pierwszej bomby na Kij\u00f3w, wsiad\u0142 do samochodu i uda\u0142 si\u0119 do biura ambasadora rosyjskiego przy Stolicy Apostolskiej, Alexandra Avdeeva, podejmuj\u0105c pr\u00f3b\u0119 nawi\u0105zania kontaktu z prezydentem Putinem oraz zapewnienia gotowo\u015bci do mediacji.<\/p><p style=\"text-align: justify;\">Wielokrotnie Franciszek upomina\u0142 g\u0142owy pa\u0144stw i rz\u0105d\u00f3w, ostrzega\u0142 walcz\u0105cych, \u017ce przed Bogiem b\u0119d\u0105 musieli rozliczy\u0107 si\u0119 z \u0142ez rozlanych mi\u0119dzy narodami, oraz pot\u0119pia\u0142 kwitn\u0105cy rynek broni, proponuj\u0105c przeznaczenie wydatk\u00f3w na zbrojenia na stworzenie \u015awiatowego Funduszu walcz\u0105cego z g\u0142odem. Wzywa\u0142 do budowania most\u00f3w, a nie mur\u00f3w oraz do stawiania dobra wsp\u00f3lnego ponad militarnymi strategiami. Cz\u0119sto spotyka\u0142 si\u0119 z niezrozumieniem i krytyk\u0105.<\/p><p style=\"text-align: justify;\"><b>Innowacje<\/b><\/p><p style=\"text-align: justify;\">Papie\u017c z Argentyny by\u0142 krytykowany, ale zawsze odpowiada\u0142 na fale sprzeciwu i przeciwstawne g\u0142osy humorem, kt\u00f3ry \u2013 jak podkre\u015bla\u0142 \u2013 \u201enajbardziej przybli\u017ca do \u0142aski Bo\u017cej\u201d. Franciszek zadawa\u0142 pytania, zadziwia\u0142, a niekiedy wywo\u0142ywa\u0142 zaskoczenie przez \u0142amanie tabu, obalanie starych protoko\u0142\u00f3w i przyzwyczaje\u0144, czy te\u017c przez przekszta\u0142cenie samej instytucji papieskiej \u2013 poprzez sw\u00f3j ubi\u00f3r, zmian\u0119 miejsca rezydowania, gesty i styl bycia oraz oryginalny styl duszpasterzowania. Pojawia\u0142 si\u0119 tak\u017ce na \u017cywo w transmisjach internetowych i programach telewizyjnych, korzysta\u0142 z konta X @Pontifex, dost\u0119pnego w dziewi\u0119ciu j\u0119zykach, jako kana\u0142u przekazuj\u0105cego pilne i szeroko dost\u0119pne komunikaty.<\/p><p style=\"text-align: justify;\"><b>Trudne chwile i problemy zdrowotne<\/b><\/p><p style=\"text-align: justify;\">W tych bardzo intensywnych latach, z wyj\u0105tkowo rzadkimi momentami odpoczynku (oraz rezygnacj\u0105 z tradycyjnej papieskiej rezydencji na wakacje w Castel Gandolfo), nie zabrak\u0142o trudnych moment\u00f3w. By\u0142y to zar\u00f3wno procesy s\u0105dowe (na czele z d\u0142ugotrwa\u0142ym i skomplikowanym post\u0119powaniem dotycz\u0105cym zarz\u0105dzania funduszami Stolicy Apostolskiej), jak i przypadku Vatileaks 2, skandale zwi\u0105zane z nadu\u017cyciami i korupcj\u0105, czy publikacja ksi\u0105\u017cek pozbawionych \u201eszlachetno\u015bci i humanizmu\u201d.<\/p><p style=\"text-align: justify;\">By\u0142y tak\u017ce trudno\u015bci zdrowotne: operacje w szpitalu Gemelli w 2021 oraz 2023 roku, ponowne hospitalizacje w tym samym szpitalu w 2023 roku z powodu komplikacji oddechowych, a tak\u017ce przezi\u0119bienia, grypy i b\u00f3le kolan, kt\u00f3re zmusi\u0142y go do korzystania z w\u00f3zka inwalidzkiego przez ostatnie trzy lata.<\/p><p style=\"text-align: justify;\"><b>Dane statystyczne<\/b><\/p><p style=\"text-align: justify;\">Wszystkie te trudno\u015bci nigdy nie przeszkodzi\u0142y w intensywnej dzia\u0142alno\u015bci i obecno\u015bci na licznych wydarzeniach. Oto kilka danych statystycznych: ponad 500 audiencji generalnych, dziesi\u0119\u0107 konsystorzy powo\u0142uj\u0105cych 163 nowych kardyna\u0142\u00f3w, kt\u00f3rzy przywr\u00f3cili Ko\u015bcio\u0142owi charakter uniwersalno\u015bci; ponad 900 kanonizacji (w tym trzech poprzednik\u00f3w: Jana XXIII, Jana Paw\u0142a II oraz Paw\u0142a VI); og\u0142owienie roku \u017cycia konsekrowanego (2015\u20132016), roku \u015bw. J\u00f3zefa (2020\u20132021) oraz roku rodziny (2021\u20132022); cztery \u015awiatowe Dni M\u0142odzie\u017cy \u2013 w Rio de Janeiro, Krakowie, Panamie i Lizbonie. Dwa Jubileusze: nadzwyczajny Jubileusz Mi\u0142osierdzia z 2016 roku oraz zwyczajny Jubileusz 2025, trwaj\u0105cy pod has\u0142em \u201ePielgrzymi nadziei\u201d.<\/p><p style=\"text-align: justify;\"><b>Statio Orbis podczas pandemii Covid<\/b><\/p><p style=\"text-align: justify;\">Papie\u017c Franciszek szuka\u0142 blisko\u015bci z szerok\u0105 publiczno\u015bci\u0105 tak\u017ce poprzez wywiady, ksi\u0105\u017cki, przedmowy i autobiografie. Papie\u017c, kt\u00f3rego obraz zapadnie w pami\u0119\u0107 nie tyle przez s\u0142owa i liczne pisma, ile przez szczeg\u00f3ln\u0105 scen\u0119: samotny, kl\u0119cz\u0105cy, gdy pada\u0142 deszcz, w ciszy panuj\u0105cej podczas lockdownu, z jedynym podk\u0142adem d\u017awi\u0119kowym ambulans\u00f3w, przemierzaj\u0105cy Plac \u015awi\u0119tego Piotra w czasie pandemii. To \u201eStatio Orbis\u201d z 27 marca 2020 roku, gdy \u015bwiat, zamkni\u0119ty w domach, ogl\u0105da\u0142 na \u017cywo starszego m\u0119\u017cczyzn\u0119, kt\u00f3ry zdawa\u0142 si\u0119 nosi\u0107 na swoich barkach ci\u0119\u017car tragedii, obr\u00f3conej do g\u00f3ry nogami codzienno\u015bci i przyzwyczaje\u0144. Ludzko\u015b\u0107 by\u0142a przyt\u0142oczona, lecz Papie\u017c m\u00f3wi\u0142 o nadziei. I o braterstwie: \u201eZrozumieli\u015bmy, \u017ce wszyscy jeste\u015bmy na tej samej \u0142odzi \u2013 wszyscy, cho\u0107 krusz\u0105cy si\u0119 i zagubieni, jeste\u015bmy jednocze\u015bnie powo\u0142ani, by wios\u0142owa\u0107 razem\u201d.<\/p><\/div>\t\t\t\t\t\t<\/div>\n\t\t\t\t<\/div>\n\t\t\t\t\t<\/div>\n\t\t<\/div>\n\t\t\t\t\t<\/div>\n\t\t<\/section>\n\t\t\t\t<\/div>\n\t\t","protected":false},"excerpt":{"rendered":"<p>Bie\u017c\u0105ce informacje: https:\/\/www.vaticannews.va\/pl.html \u017ar\u00f3d\u0142o: https:\/\/www.vaticannews.va\/pl\/papiez\/news\/2025-04\/papiez-franciszek-odszedl-do-domu-ojca.html \u017ar\u00f3d\u0142o: https:\/\/www.vaticannews.va\/pl\/papiez\/news\/2025-04\/papiez-franciszek-dwanascie-lat-rozpoczynania-procesow-nowych.html \u00a0 Papie\u017c Franciszek odszed\u0142 do Domu Ojca Papie\u017c Franciszek zmar\u0142 w Poniedzia\u0142ek Wielkanocny o godzinie 7.35 w Domu \u015awi\u0119tej Marty.\u00a0 Informacj\u0119 o \u015bmierci Papie\u017ca Franciszka przekaza\u0142 przed godz. 10 z kaplicy Domu \u015awi\u0119tej Marty kamerling \u015awi\u0119tego Ko\u015bcio\u0142a Rzymskiego kard. Kevin Farrell. &#8220;Najdro\u017csi bracia i siostry, z g\u0142\u0119okim b\u00f3lem [&hellip;]<\/p>\n","protected":false},"author":1,"featured_media":343345,"comment_status":"closed","ping_status":"open","sticky":false,"template":"","format":"standard","meta":{"footnotes":""},"categories":[1],"tags":[],"_links":{"self":[{"href":"http:\/\/www.farabrodnica.pl\/wordpress\/wp-json\/wp\/v2\/posts\/343343"}],"collection":[{"href":"http:\/\/www.farabrodnica.pl\/wordpress\/wp-json\/wp\/v2\/posts"}],"about":[{"href":"http:\/\/www.farabrodnica.pl\/wordpress\/wp-json\/wp\/v2\/types\/post"}],"author":[{"embeddable":true,"href":"http:\/\/www.farabrodnica.pl\/wordpress\/wp-json\/wp\/v2\/users\/1"}],"replies":[{"embeddable":true,"href":"http:\/\/www.farabrodnica.pl\/wordpress\/wp-json\/wp\/v2\/comments?post=343343"}],"version-history":[{"count":13,"href":"http:\/\/www.farabrodnica.pl\/wordpress\/wp-json\/wp\/v2\/posts\/343343\/revisions"}],"predecessor-version":[{"id":343359,"href":"http:\/\/www.farabrodnica.pl\/wordpress\/wp-json\/wp\/v2\/posts\/343343\/revisions\/343359"}],"wp:featuredmedia":[{"embeddable":true,"href":"http:\/\/www.farabrodnica.pl\/wordpress\/wp-json\/wp\/v2\/media\/343345"}],"wp:attachment":[{"href":"http:\/\/www.farabrodnica.pl\/wordpress\/wp-json\/wp\/v2\/media?parent=343343"}],"wp:term":[{"taxonomy":"category","embeddable":true,"href":"http:\/\/www.farabrodnica.pl\/wordpress\/wp-json\/wp\/v2\/categories?post=343343"},{"taxonomy":"post_tag","embeddable":true,"href":"http:\/\/www.farabrodnica.pl\/wordpress\/wp-json\/wp\/v2\/tags?post=343343"}],"curies":[{"name":"wp","href":"https:\/\/api.w.org\/{rel}","templated":true}]}}