{"id":343078,"date":"2024-11-17T00:03:59","date_gmt":"2024-11-16T23:03:59","guid":{"rendered":"https:\/\/www.farabrodnica.pl\/wordpress\/?p=343078"},"modified":"2024-11-22T16:17:02","modified_gmt":"2024-11-22T15:17:02","slug":"xxxiii-tydzien-kultury-chrzescijanskiej","status":"publish","type":"post","link":"http:\/\/www.farabrodnica.pl\/wordpress\/2024\/11\/17\/xxxiii-tydzien-kultury-chrzescijanskiej\/","title":{"rendered":"XXXIII TYDZIE\u0143 KULTURY CHRZE\u015aCIJA\u0143SKIEJ"},"content":{"rendered":"\t\t<div data-elementor-type=\"wp-post\" data-elementor-id=\"343078\" class=\"elementor elementor-343078\" data-elementor-post-type=\"post\">\n\t\t\t\t\t\t<section class=\"elementor-section elementor-top-section elementor-element elementor-element-7d5c20a elementor-section-boxed elementor-section-height-default elementor-section-height-default\" data-id=\"7d5c20a\" data-element_type=\"section\" data-settings=\"{&quot;_ha_eqh_enable&quot;:false}\">\n\t\t\t\t\t\t<div class=\"elementor-container elementor-column-gap-default\">\n\t\t\t\t\t<div class=\"elementor-column elementor-col-100 elementor-top-column elementor-element elementor-element-9e63827\" data-id=\"9e63827\" data-element_type=\"column\">\n\t\t\t<div class=\"elementor-widget-wrap elementor-element-populated\">\n\t\t\t\t\t\t<div class=\"elementor-element elementor-element-6160df2 elementor-widget elementor-widget-text-editor\" data-id=\"6160df2\" data-element_type=\"widget\" data-widget_type=\"text-editor.default\">\n\t\t\t\t<div class=\"elementor-widget-container\">\n\t\t\t\t\t\t\t<div class=\"tresc\"><p>Od 22 do 27 listopada 2024 r. odbywa\u0107 si\u0119 b\u0119d\u0105 w Brodnicy XXXIII Dni Kultury Chrze\u015bcija\u0144skiej. Wydarzenie corocznie cieszy si\u0119 du\u017cym zainteresowaniem. Ma ono na celu przypominanie i u\u015bwiadamianie brodniczanom ogromnej roli, jak\u0105 warto\u015bci chrze\u015bcija\u0144skie pe\u0142ni\u0105 w \u017cyciu ka\u017cdego cz\u0142owieka bez wzgl\u0119du na jego pogl\u0105dy i wyznanie. Organizatorom Dni Kultury Chrze\u015bcija\u0144skiej w Brodnicy od pocz\u0105tku przy\u015bwieca r\u00f3wnie\u017c my\u015bl przewodnia, \u017ce kultura i sztuka s\u0105 pi\u0119knem naszego \u017cycia.<\/p><p>Dni Kultury Chrze\u015bcija\u0144skiej to cykl imprez o charakterze religijno-kulturalnym. W tym roku organizatorzy przygotowali r\u00f3\u017cnorodny program. Zaplanowano, koncerty, festiwal, historyczn\u0105 gr\u0119 miejsk\u0105, spotkania autorskie i seans filmowy. Zapraszamy do udzia\u0142u w wydarzeniach.<\/p><p>Organizatorami wydarzenia s\u0105 Parafia pw. \u015bw. Katarzyny Aleksandryjskiej w Brodnicy, Urz\u0105d Miejski w Brodnicy, Brodnicki Dom Kultury, Muzeum w Brodnicy oraz Miejska i Powiatowa Biblioteka Publiczna w Brodnicy.<\/p><p>Szczeg\u00f3\u0142owy program:<\/p><p>22.11.2024 r.<\/p><p>godz. 10.00 \u2013 Brodnicki Dom Kultury<\/p><p>Festiwal \u201eBrodnickie Katarzynki\u201d<\/p><p>\/org. Brodnicki Dom Kultury, wsp\u00f3\u0142org. Towarzystwo Mi\u0142o\u015bnik\u00f3w Kultury \u201eBrodniczanka\u201d\/<\/p><p>godz. 10.00 \u2013 Muzeum w Brodnicy<\/p><p>\u201eZ wiar\u0105, histori\u0105 i przyrod\u0105 na wieki\u201d Historyczna Gra Miejska. Zapisy od 19 listopada, gra przeznaczona jest dla uczni\u00f3w szk\u00f3\u0142 podstawowych z Brodnicy Ka\u017cd\u0105 szko\u0142\u0119 mog\u0105 reprezentowa\u0107 maksymalnie dwie czteroosobowe dru\u017cyny. W grze mog\u0105 bra\u0107 udzia\u0142 uczniowie z klas 4-8, ka\u017cda z grup musi znajdowa\u0107 si\u0119 pod opiek\u0105 opiekuna szkolnego (nauczyciela\/opiekuna wyznaczonego przez szko\u0142\u0119 reprezentant\u00f3w).<\/p><p>Udzia\u0142 w grze jest bezp\u0142atny<\/p><p>\/Muzeum w Brodnicy\/<\/p><p>23.11.2024 r.<\/p><p>godz. 18.00 Pa\u0142ac Anny Waz\u00f3wny<\/p><p>Koncert \u201eMimozami jesie\u0144 si\u0119 zaczyna\u2026\u201d<\/p><p>wst\u0119p na koncert \u201eDo Dna\u201d za okazaniem wej\u015bci\u00f3wki \u2013 do odbioru w dniu 19.11.2024 r. od 15.00 do 16.00 w Urz\u0119dzie Miejskim w Brodnicy (portiernia) lub online od godziny 16.00 tego samego dnia\u00a0na stronie internetowej\u00a0pod adresem:\u00a0<span class=\"html-span xdj266r x11i5rnm xat24cr x1mh8g0r xexx8yu x4uap5 x18d9i69 xkhd6sd x1hl2dhg x16tdsg8 x1vvkbs\"><a class=\"x1i10hfl xjbqb8w x1ejq31n xd10rxx x1sy0etr x17r0tee x972fbf xcfux6l x1qhh985 xm0m39n x9f619 x1ypdohk xt0psk2 xe8uvvx xdj266r x11i5rnm xat24cr x1mh8g0r xexx8yu x4uap5 x18d9i69 xkhd6sd x16tdsg8 x1hl2dhg xggy1nq x1a2a7pz x1sur9pj xkrqix3 x1fey0fg x1s688f\" title=\"[otw\u00f3rz w nowym oknie]\" href=\"https:\/\/l.facebook.com\/l.php?u=https%3A%2F%2Fevenea.pl%2Fpl%2Fwydarzenie%2Fmimozami%3Ffbclid%3DIwZXh0bgNhZW0CMTAAAR1n085LbITawgx2krawNqqRjerLmn8zvjcT8SEENT7EcoV9lKc9pCnz6S8_aem_7fcqICruX79oB465FLR2vg&amp;h=AT080z4BeCjMwcC4PcIcyk4WEUMHbnMOQGIGrvgnHSL5cjVS4puHGmEZKZDfVIEpqWPy3v8sA240IBGQnaphNwphUMnKTN4I_6L3sGT8kveG017_DSuuF4HZlnWiRmxLCCcN&amp;__tn__=-UK-y-R&amp;c[0]=AT3rztC0IjKC_6merVw1khtUgAS3BnfXQRTitcg83lyShTJK3SnrLHKpP1BCiTUhV-Cy_k3U5AwxjBElJueGXaKn120cq2u3JTDRWjkUcmr3x0QjqoFbO-ryUEnTjxF7VjMX8T8rY8EyaxkGw0oZfpUR0RA62hsFhoxcWo9QmddlrMnvXhzU_QoWG8GeGozwsz-AEq0JMR1N4p_-DbXf3_my00KGOVhUGrCIUKQPu6eIkZ2TKVgnTO2hOSqA94WzCjdsBsP4J3dPYEd-pVXvJXx7g3IwTMNdpWH8\" target=\"_blank\" rel=\"nofollow noopener noreferrer\">https:\/\/evenea.pl\/pl\/wydarzenie\/mimozami<\/a><\/span>.<\/p><p>\/org. Urz\u0105d Miejski w Brodnicy\/<\/p><p>24.11.2024 r.<\/p><p>godz. 9.30 \u2013 BRODNICKA FARA<\/p><p>Uroczysta Suma odpustowa z okazji wspomnienia \u015bw. Katarzyny Aleksandryjskiej<\/p><p>godz. 15.00 \u2013 BRODNICKA FARA<\/p><p>Zwiedzanie fary z przewodnikiem<\/p><p>\/org. Parafia pw. \u015bw. Katarzyny Aleksandryjskiej w Brodnicy\/<\/p><p>25.11.2024 r. godz. 19.00 \u2013 Brodnicki Dom Kultury<\/p><p>Projekcja filmu: \u201eUlmowie. B\u0142ogos\u0142awiona rodzina\u201d<\/p><p>\/Brodnicki Dom Kultury\/<\/p><p>26.11.2024 r.<\/p><p>godz. 12.00 \u2013 Sala Wielka Pa\u0142acu Anny Waz\u00f3wny<\/p><p>Spotkanie autorskie dla dzieci i m\u0142odzie\u017cy z Janem Murawskim pt.: \u201eO kosmosie i niebie dla Ciebie\u201d<\/p><p>godz. 17.30 \u2013 Na kartach starej Brodnicy oczami Eryka Wetzla. Promocja ksi\u0105\u017cki: \u201eDziedzice rzemios\u0142a herbu stolarze\u201d<\/p><p>\/org. Miejska i Powiatowa Biblioteka Publiczna w Brodnicy\/<\/p><p>27.11.2024 r.<\/p><p>godz. 18.30 \u2013 BRODNICKA FARA<\/p><p>Uroczysta Msza \u015bw. pod przewodnictwem Administratora Diecezji Toru\u0144skiej ks. bp. J\u00f3zefa Szamockiego na zako\u0144czenie XXXIII DKCH<\/p><p>godz. 19.30 \u2013 BRODNICKA FARA<\/p><p>Koncert organowy \u201eImprowizacje na temat pie\u015bni liturgicznych\u201d w wykonaniu Piotra Jaworskiego<\/p><p>\/org. Parafia pw. \u015bw. Katarzyny Aleksandryjskiej w Brodnicy\/<\/p><p>08.12.2024 r. &#8211; impreza towarzysz\u0105ca<\/p><p>Wyjazd do Torunia. Artystyczne podr\u00f3\u017ce z Brodnickim Stowarzyszeniem Kultury<\/p><p>Informacje pod nr tel. 606 823 450<\/p><p>\/org. BSK\/<\/p><\/div>\t\t\t\t\t\t<\/div>\n\t\t\t\t<\/div>\n\t\t\t\t\t<\/div>\n\t\t<\/div>\n\t\t\t\t\t<\/div>\n\t\t<\/section>\n\t\t\t\t<\/div>\n\t\t","protected":false},"excerpt":{"rendered":"<p>Od 22 do 27 listopada 2024 r. odbywa\u0107 si\u0119 b\u0119d\u0105 w Brodnicy XXXIII Dni Kultury Chrze\u015bcija\u0144skiej. Wydarzenie corocznie cieszy si\u0119 du\u017cym zainteresowaniem. Ma ono na celu przypominanie i u\u015bwiadamianie brodniczanom ogromnej roli, jak\u0105 warto\u015bci chrze\u015bcija\u0144skie pe\u0142ni\u0105 w \u017cyciu ka\u017cdego cz\u0142owieka bez wzgl\u0119du na jego pogl\u0105dy i wyznanie. Organizatorom Dni Kultury Chrze\u015bcija\u0144skiej w Brodnicy od pocz\u0105tku [&hellip;]<\/p>\n","protected":false},"author":1,"featured_media":343084,"comment_status":"closed","ping_status":"open","sticky":false,"template":"","format":"standard","meta":{"footnotes":""},"categories":[1],"tags":[],"_links":{"self":[{"href":"http:\/\/www.farabrodnica.pl\/wordpress\/wp-json\/wp\/v2\/posts\/343078"}],"collection":[{"href":"http:\/\/www.farabrodnica.pl\/wordpress\/wp-json\/wp\/v2\/posts"}],"about":[{"href":"http:\/\/www.farabrodnica.pl\/wordpress\/wp-json\/wp\/v2\/types\/post"}],"author":[{"embeddable":true,"href":"http:\/\/www.farabrodnica.pl\/wordpress\/wp-json\/wp\/v2\/users\/1"}],"replies":[{"embeddable":true,"href":"http:\/\/www.farabrodnica.pl\/wordpress\/wp-json\/wp\/v2\/comments?post=343078"}],"version-history":[{"count":5,"href":"http:\/\/www.farabrodnica.pl\/wordpress\/wp-json\/wp\/v2\/posts\/343078\/revisions"}],"predecessor-version":[{"id":343086,"href":"http:\/\/www.farabrodnica.pl\/wordpress\/wp-json\/wp\/v2\/posts\/343078\/revisions\/343086"}],"wp:featuredmedia":[{"embeddable":true,"href":"http:\/\/www.farabrodnica.pl\/wordpress\/wp-json\/wp\/v2\/media\/343084"}],"wp:attachment":[{"href":"http:\/\/www.farabrodnica.pl\/wordpress\/wp-json\/wp\/v2\/media?parent=343078"}],"wp:term":[{"taxonomy":"category","embeddable":true,"href":"http:\/\/www.farabrodnica.pl\/wordpress\/wp-json\/wp\/v2\/categories?post=343078"},{"taxonomy":"post_tag","embeddable":true,"href":"http:\/\/www.farabrodnica.pl\/wordpress\/wp-json\/wp\/v2\/tags?post=343078"}],"curies":[{"name":"wp","href":"https:\/\/api.w.org\/{rel}","templated":true}]}}