{"id":342785,"date":"2024-04-13T21:35:09","date_gmt":"2024-04-13T19:35:09","guid":{"rendered":"http:\/\/www.farabrodnica.pl\/wordpress\/?p=342785"},"modified":"2024-04-13T21:35:41","modified_gmt":"2024-04-13T19:35:41","slug":"kurs-dla-fotografow-i-operatorow-kamer","status":"publish","type":"post","link":"http:\/\/www.farabrodnica.pl\/wordpress\/2024\/04\/13\/kurs-dla-fotografow-i-operatorow-kamer\/","title":{"rendered":"Kurs dla fotograf\u00f3w i operator\u00f3w kamer"},"content":{"rendered":"\t\t<div data-elementor-type=\"wp-post\" data-elementor-id=\"342785\" class=\"elementor elementor-342785\" data-elementor-post-type=\"post\">\n\t\t\t\t\t\t<section class=\"elementor-section elementor-top-section elementor-element elementor-element-8537500 elementor-section-boxed elementor-section-height-default elementor-section-height-default\" data-id=\"8537500\" data-element_type=\"section\" data-settings=\"{&quot;_ha_eqh_enable&quot;:false}\">\n\t\t\t\t\t\t<div class=\"elementor-container elementor-column-gap-default\">\n\t\t\t\t\t<div class=\"elementor-column elementor-col-100 elementor-top-column elementor-element elementor-element-f07cd11\" data-id=\"f07cd11\" data-element_type=\"column\">\n\t\t\t<div class=\"elementor-widget-wrap elementor-element-populated\">\n\t\t\t\t\t\t<div class=\"elementor-element elementor-element-0ba6f2d elementor-widget elementor-widget-text-editor\" data-id=\"0ba6f2d\" data-element_type=\"widget\" data-widget_type=\"text-editor.default\">\n\t\t\t\t<div class=\"elementor-widget-container\">\n\t\t\t\t\t\t\t<div class=\"alJ b fart padBB padT\">Wydzia\u0142 Duszpasterski Kurii Diecezjalnej Toru\u0144skiej zaprasza ch\u0119tnych na szkolenie dla fotograf\u00f3w i operator\u00f3w kamer na ko\u015bcielnych uroczysto\u015bciach liturgicznych.<\/div><div class=\"alJ fart\">Najbli\u017cszy kurs odb\u0119dzie si\u0119 20 kwietnia (sobota) w godz. od 9.30 do 12.00 w Centrum Dialogu (przy Wy\u017cszym Seminarium Duchownym w Toruniu, pl. ks. Stefana Wincentego Frelichowskiego 1).<br \/><br \/>W programie szkolenia: liturgia sakrament\u00f3w i sakramentali\u00f3w, zadania kamerzysty i fotografa podczas liturgii w dokumentach i przepisach Konferencji Episkopatu Polski oraz zasady praktyczne fotografowania i filmowania w ko\u015bcio\u0142ach.<br \/><br \/>Uczestnicy w dniu szkolenia otrzymaj\u0105 certyfikat oraz identyfikator, kt\u00f3re upowa\u017cniaj\u0105 do fotografowania i filmowania uroczysto\u015bci liturgicznych.<br \/><br \/>Zg\u0142oszenia zawieraj\u0105ce imi\u0119, nazwisko, adres mailowy i numer telefonu przyjmowane s\u0105 pod adresem foto.liturgia@gmail.com<br \/><br \/>Koszt: 150 z\u0142, p\u0142atne w dniu kursu, przy odbiorze dokument\u00f3w (brak mo\u017cliwo\u015bci p\u0142acenia kart\u0105).<\/div>\t\t\t\t\t\t<\/div>\n\t\t\t\t<\/div>\n\t\t\t\t\t<\/div>\n\t\t<\/div>\n\t\t\t\t\t<\/div>\n\t\t<\/section>\n\t\t\t\t<\/div>\n\t\t","protected":false},"excerpt":{"rendered":"<p>Wydzia\u0142 Duszpasterski Kurii Diecezjalnej Toru\u0144skiej zaprasza ch\u0119tnych na szkolenie dla fotograf\u00f3w i operator\u00f3w kamer na ko\u015bcielnych uroczysto\u015bciach liturgicznych.Najbli\u017cszy kurs odb\u0119dzie si\u0119 20 kwietnia (sobota) w godz. od 9.30 do 12.00 w Centrum Dialogu (przy Wy\u017cszym Seminarium Duchownym w Toruniu, pl. ks. Stefana Wincentego Frelichowskiego 1). W programie szkolenia: liturgia sakrament\u00f3w i sakramentali\u00f3w, zadania kamerzysty i [&hellip;]<\/p>\n","protected":false},"author":1,"featured_media":342786,"comment_status":"closed","ping_status":"open","sticky":false,"template":"","format":"standard","meta":{"footnotes":""},"categories":[73,72,68],"tags":[],"_links":{"self":[{"href":"http:\/\/www.farabrodnica.pl\/wordpress\/wp-json\/wp\/v2\/posts\/342785"}],"collection":[{"href":"http:\/\/www.farabrodnica.pl\/wordpress\/wp-json\/wp\/v2\/posts"}],"about":[{"href":"http:\/\/www.farabrodnica.pl\/wordpress\/wp-json\/wp\/v2\/types\/post"}],"author":[{"embeddable":true,"href":"http:\/\/www.farabrodnica.pl\/wordpress\/wp-json\/wp\/v2\/users\/1"}],"replies":[{"embeddable":true,"href":"http:\/\/www.farabrodnica.pl\/wordpress\/wp-json\/wp\/v2\/comments?post=342785"}],"version-history":[{"count":4,"href":"http:\/\/www.farabrodnica.pl\/wordpress\/wp-json\/wp\/v2\/posts\/342785\/revisions"}],"predecessor-version":[{"id":342790,"href":"http:\/\/www.farabrodnica.pl\/wordpress\/wp-json\/wp\/v2\/posts\/342785\/revisions\/342790"}],"wp:featuredmedia":[{"embeddable":true,"href":"http:\/\/www.farabrodnica.pl\/wordpress\/wp-json\/wp\/v2\/media\/342786"}],"wp:attachment":[{"href":"http:\/\/www.farabrodnica.pl\/wordpress\/wp-json\/wp\/v2\/media?parent=342785"}],"wp:term":[{"taxonomy":"category","embeddable":true,"href":"http:\/\/www.farabrodnica.pl\/wordpress\/wp-json\/wp\/v2\/categories?post=342785"},{"taxonomy":"post_tag","embeddable":true,"href":"http:\/\/www.farabrodnica.pl\/wordpress\/wp-json\/wp\/v2\/tags?post=342785"}],"curies":[{"name":"wp","href":"https:\/\/api.w.org\/{rel}","templated":true}]}}