{"id":342764,"date":"2024-04-13T21:21:58","date_gmt":"2024-04-13T19:21:58","guid":{"rendered":"http:\/\/www.farabrodnica.pl\/wordpress\/?p=342764"},"modified":"2024-04-13T21:26:35","modified_gmt":"2024-04-13T19:26:35","slug":"pielgrzymka-do-lichenia","status":"publish","type":"post","link":"http:\/\/www.farabrodnica.pl\/wordpress\/2024\/04\/13\/pielgrzymka-do-lichenia\/","title":{"rendered":"PIELGRZYMKA DO LICHENIA"},"content":{"rendered":"\t\t<div data-elementor-type=\"wp-post\" data-elementor-id=\"342764\" class=\"elementor elementor-342764\" data-elementor-post-type=\"post\">\n\t\t\t\t\t\t<section class=\"elementor-section elementor-top-section elementor-element elementor-element-9b4b891 elementor-section-boxed elementor-section-height-default elementor-section-height-default\" data-id=\"9b4b891\" data-element_type=\"section\" data-settings=\"{&quot;_ha_eqh_enable&quot;:false}\">\n\t\t\t\t\t\t<div class=\"elementor-container elementor-column-gap-default\">\n\t\t\t\t\t<div class=\"elementor-column elementor-col-100 elementor-top-column elementor-element elementor-element-ab1d911\" data-id=\"ab1d911\" data-element_type=\"column\">\n\t\t\t<div class=\"elementor-widget-wrap elementor-element-populated\">\n\t\t\t\t\t\t<div class=\"elementor-element elementor-element-a02f12a elementor-widget elementor-widget-text-editor\" data-id=\"a02f12a\" data-element_type=\"widget\" data-widget_type=\"text-editor.default\">\n\t\t\t\t<div class=\"elementor-widget-container\">\n\t\t\t\t\t\t\t<p style=\"text-align: center;\"><span style=\"color: #ff0000;\"><strong>Planujemy organizacj\u0119 pielgrzymki do Lichenia w sobot\u0119 8 czerwca.<\/strong> <\/span><\/p><p>&#8211; <strong>Pierwszy autobus<\/strong> \u2013 zapisy \u0142\u0105cznie z wp\u0142atami. Prosimy o uregulowanie u Pani Jakubowskiej wp\u0142at za wyjazd osoby kt\u00f3re jeszcze tego nie zrobi\u0142y<\/p><p>&#8211; <strong>Drugi autobus<\/strong> \u2013 przyjmujemy zapisy bez wp\u0142at na drugi autobus do dnia 6 maja <br \/>(z wy\u0142\u0105czeniem 26.04. &#8211; 4.05.) Po tym terminie zostanie podj\u0119ta decyzja o zorganizowaniu wyjazdu drugiego autobusu je\u015bli b\u0119dzie wymagana odpowiednia ilo\u015b\u0107 os\u00f3b. Zapisa\u0107 mo\u017cna si\u0119 poprzez wys\u0142anie wiadomo\u015bci SMS na nr 784\u00a0094\u00a0718 \u2013 z wy\u0142\u0105czeniem 26.04. &#8211; 4.05.<\/p>\t\t\t\t\t\t<\/div>\n\t\t\t\t<\/div>\n\t\t\t\t\t<\/div>\n\t\t<\/div>\n\t\t\t\t\t<\/div>\n\t\t<\/section>\n\t\t\t\t<\/div>\n\t\t","protected":false},"excerpt":{"rendered":"<p>Planujemy organizacj\u0119 pielgrzymki do Lichenia w sobot\u0119 8 czerwca. &#8211; Pierwszy autobus \u2013 zapisy \u0142\u0105cznie z wp\u0142atami. Prosimy o uregulowanie u Pani Jakubowskiej wp\u0142at za wyjazd osoby kt\u00f3re jeszcze tego nie zrobi\u0142y &#8211; Drugi autobus \u2013 przyjmujemy zapisy bez wp\u0142at na drugi autobus do dnia 6 maja (z wy\u0142\u0105czeniem 26.04. &#8211; 4.05.) Po tym terminie [&hellip;]<\/p>\n","protected":false},"author":1,"featured_media":342765,"comment_status":"closed","ping_status":"open","sticky":false,"template":"","format":"standard","meta":{"footnotes":""},"categories":[73,74,68,97],"tags":[],"_links":{"self":[{"href":"http:\/\/www.farabrodnica.pl\/wordpress\/wp-json\/wp\/v2\/posts\/342764"}],"collection":[{"href":"http:\/\/www.farabrodnica.pl\/wordpress\/wp-json\/wp\/v2\/posts"}],"about":[{"href":"http:\/\/www.farabrodnica.pl\/wordpress\/wp-json\/wp\/v2\/types\/post"}],"author":[{"embeddable":true,"href":"http:\/\/www.farabrodnica.pl\/wordpress\/wp-json\/wp\/v2\/users\/1"}],"replies":[{"embeddable":true,"href":"http:\/\/www.farabrodnica.pl\/wordpress\/wp-json\/wp\/v2\/comments?post=342764"}],"version-history":[{"count":4,"href":"http:\/\/www.farabrodnica.pl\/wordpress\/wp-json\/wp\/v2\/posts\/342764\/revisions"}],"predecessor-version":[{"id":342773,"href":"http:\/\/www.farabrodnica.pl\/wordpress\/wp-json\/wp\/v2\/posts\/342764\/revisions\/342773"}],"wp:featuredmedia":[{"embeddable":true,"href":"http:\/\/www.farabrodnica.pl\/wordpress\/wp-json\/wp\/v2\/media\/342765"}],"wp:attachment":[{"href":"http:\/\/www.farabrodnica.pl\/wordpress\/wp-json\/wp\/v2\/media?parent=342764"}],"wp:term":[{"taxonomy":"category","embeddable":true,"href":"http:\/\/www.farabrodnica.pl\/wordpress\/wp-json\/wp\/v2\/categories?post=342764"},{"taxonomy":"post_tag","embeddable":true,"href":"http:\/\/www.farabrodnica.pl\/wordpress\/wp-json\/wp\/v2\/tags?post=342764"}],"curies":[{"name":"wp","href":"https:\/\/api.w.org\/{rel}","templated":true}]}}