{"id":341188,"date":"2022-11-24T15:43:45","date_gmt":"2022-11-24T14:43:45","guid":{"rendered":"http:\/\/www.farabrodnica.pl\/wordpress\/?p=341188"},"modified":"2022-11-24T15:48:15","modified_gmt":"2022-11-24T14:48:15","slug":"koncert-organowy-okiem-telewizji","status":"publish","type":"post","link":"http:\/\/www.farabrodnica.pl\/wordpress\/2022\/11\/24\/koncert-organowy-okiem-telewizji\/","title":{"rendered":"KONCERT ORGANOWY OKIEM TELEWIZJI"},"content":{"rendered":"\t\t<div data-elementor-type=\"wp-post\" data-elementor-id=\"341188\" class=\"elementor elementor-341188\" data-elementor-post-type=\"post\">\n\t\t\t\t\t\t<section class=\"elementor-section elementor-top-section elementor-element elementor-element-c6ff495 elementor-section-boxed elementor-section-height-default elementor-section-height-default\" data-id=\"c6ff495\" data-element_type=\"section\" data-settings=\"{&quot;_ha_eqh_enable&quot;:false}\">\n\t\t\t\t\t\t<div class=\"elementor-container elementor-column-gap-default\">\n\t\t\t\t\t<div class=\"elementor-column elementor-col-100 elementor-top-column elementor-element elementor-element-9dcd2b4\" data-id=\"9dcd2b4\" data-element_type=\"column\">\n\t\t\t<div class=\"elementor-widget-wrap elementor-element-populated\">\n\t\t\t\t\t\t<div class=\"elementor-element elementor-element-e94ba67 elementor-widget elementor-widget-text-editor\" data-id=\"e94ba67\" data-element_type=\"widget\" data-widget_type=\"text-editor.default\">\n\t\t\t\t<div class=\"elementor-widget-container\">\n\t\t\t\t\t\t\t<div class=\"\" dir=\"auto\"><div class=\"\" dir=\"auto\"><div class=\"x1iorvi4 x1pi30zi x1l90r2v x1swvt13\" data-ad-comet-preview=\"message\" data-ad-preview=\"message\"><div class=\"x78zum5 xdt5ytf xz62fqu x16ldp7u\"><div class=\"xu06os2 x1ok221b\" style=\"text-align: justify;\">\u00a0<\/div><div class=\"xu06os2 x1ok221b\" style=\"text-align: justify;\">Wczoraj wieczorem byli\u015bmy z nasz\u0105 kamer\u0105 <span class=\"x3nfvp2 x1j61x8r x1fcty0u xdj266r xhhsvwb xat24cr xgzva0m xxymvpz xlup9mm x1kky2od\"><img decoding=\"async\" src=\"https:\/\/static.xx.fbcdn.net\/images\/emoji.php\/v9\/tff\/1\/16\/1f3a5.png\" alt=\"\ud83c\udfa5\" width=\"16\" height=\"16\" \/><\/span> w <a class=\"x1i10hfl xjbqb8w x6umtig x1b1mbwd xaqea5y xav7gou x9f619 x1ypdohk xt0psk2 xe8uvvx xdj266r x11i5rnm xat24cr x1mh8g0r xexx8yu x4uap5 x18d9i69 xkhd6sd x16tdsg8 x1hl2dhg xggy1nq x1a2a7pz xt0b8zv x1qq9wsj xo1l8bm\" tabindex=\"0\" role=\"link\" href=\"https:\/\/www.facebook.com\/profile.php?id=100064627574365&amp;__cft__[0]=AZUUYsomUsrxyHaozrJQ-xRnaAKe8XR1sFIkvz2XfgAE4nzxsRENu4rVIgMjpUJoN-NqMehryaHSAtCJoTO6JFhaFNh2LbNdREIixfP72-T62Z50-zxFmlYdgo8Wct-ODPkyFChVpWzkoI5Qz5QgTKoUrtnwkCKZxmWAtQpVuzlBWg&amp;__tn__=-]K-y-R\"><span class=\"xt0psk2\">Parafia pw \u015bw. Katarzyny Aleksandryjskiej w Brodnicy<\/span><\/a> , gdzie z okazji XXXI Tygodnia Kultury Chrze\u015bcija\u0144skiej <span class=\"x3nfvp2 x1j61x8r x1fcty0u xdj266r xhhsvwb xat24cr xgzva0m xxymvpz xlup9mm x1kky2od\"><img decoding=\"async\" src=\"https:\/\/static.xx.fbcdn.net\/images\/emoji.php\/v9\/t81\/1\/16\/271d.png\" alt=\"\u271d\ufe0f\" width=\"16\" height=\"16\" \/><\/span>, odby\u0142y si\u0119 dwa wydarzenia. Jednym z nich by\u0142 koncert organowy muzyki filmowej <span class=\"x3nfvp2 x1j61x8r x1fcty0u xdj266r xhhsvwb xat24cr xgzva0m xxymvpz xlup9mm x1kky2od\"><img decoding=\"async\" src=\"https:\/\/static.xx.fbcdn.net\/images\/emoji.php\/v9\/t2d\/1\/16\/1f3ac.png\" alt=\"\ud83c\udfac\" width=\"16\" height=\"16\" \/><\/span> w wykonaniu organisty <span class=\"x3nfvp2 x1j61x8r x1fcty0u xdj266r xhhsvwb xat24cr xgzva0m xxymvpz xlup9mm x1kky2od\"><img loading=\"lazy\" decoding=\"async\" src=\"https:\/\/static.xx.fbcdn.net\/images\/emoji.php\/v9\/ta2\/1\/16\/1f3b9.png\" alt=\"\ud83c\udfb9\" width=\"16\" height=\"16\" \/><\/span> tej parafii Piotra Jaworskiego, oraz m\u0119skiego ch\u00f3ru. Po doznaniach muzycznych odby\u0142a si\u0119 &#8220;Noc w muzeum Fary&#8221;, podczas kt\u00f3rej Joanna Kalenik z<a class=\"x1i10hfl xjbqb8w x6umtig x1b1mbwd xaqea5y xav7gou x9f619 x1ypdohk xt0psk2 xe8uvvx xdj266r x11i5rnm xat24cr x1mh8g0r xexx8yu x4uap5 x18d9i69 xkhd6sd x16tdsg8 x1hl2dhg xggy1nq x1a2a7pz xt0b8zv x1qq9wsj xo1l8bm\" tabindex=\"0\" role=\"link\" href=\"https:\/\/www.facebook.com\/fundacjabramaepok\/?__cft__[0]=AZUUYsomUsrxyHaozrJQ-xRnaAKe8XR1sFIkvz2XfgAE4nzxsRENu4rVIgMjpUJoN-NqMehryaHSAtCJoTO6JFhaFNh2LbNdREIixfP72-T62Z50-zxFmlYdgo8Wct-ODPkyFChVpWzkoI5Qz5QgTKoUrtnwkCKZxmWAtQpVuzlBWg&amp;__tn__=kK-y-R\"><span class=\"xt0psk2\"> Fundacja Brama Epo<\/span><\/a>k , przedstawia\u0142a zgromadzonym ciekawostki i tajemnice zwi\u0105zane z histori\u0105 <span class=\"x3nfvp2 x1j61x8r x1fcty0u xdj266r xhhsvwb xat24cr xgzva0m xxymvpz xlup9mm x1kky2od\"><img loading=\"lazy\" decoding=\"async\" src=\"https:\/\/static.xx.fbcdn.net\/images\/emoji.php\/v9\/tb7\/1\/16\/23f3.png\" alt=\"\u23f3\" width=\"16\" height=\"16\" \/><\/span> najstarszego brodnickiego <span class=\"x3nfvp2 x1j61x8r x1fcty0u xdj266r xhhsvwb xat24cr xgzva0m xxymvpz xlup9mm x1kky2od\"><img loading=\"lazy\" decoding=\"async\" src=\"https:\/\/static.xx.fbcdn.net\/images\/emoji.php\/v9\/te0\/1\/16\/270b.png\" alt=\"\u270b\" width=\"16\" height=\"16\" \/><\/span> ko\u015bcio\u0142a.<div class=\"x11i5rnm xat24cr x1mh8g0r x1vvkbs xdj266r x126k92a\"><div dir=\"auto\">Na relacj\u0119 z tych wydarze\u0144 zapraszamy w najbli\u017cszy wtorek <span class=\"x3nfvp2 x1j61x8r x1fcty0u xdj266r xhhsvwb xat24cr xgzva0m xxymvpz xlup9mm x1kky2od\"><img loading=\"lazy\" decoding=\"async\" src=\"https:\/\/static.xx.fbcdn.net\/images\/emoji.php\/v9\/t99\/1\/16\/32_20e3.png\" alt=\"2\ufe0f\u20e3\" width=\"16\" height=\"16\" \/><\/span><span class=\"x3nfvp2 x1j61x8r x1fcty0u xdj266r xhhsvwb xat24cr xgzva0m xxymvpz xlup9mm x1kky2od\"><img loading=\"lazy\" decoding=\"async\" src=\"https:\/\/static.xx.fbcdn.net\/images\/emoji.php\/v9\/t72\/1\/16\/39_20e3.png\" alt=\"9\ufe0f\u20e3\" width=\"16\" height=\"16\" \/><\/span>.<span class=\"x3nfvp2 x1j61x8r x1fcty0u xdj266r xhhsvwb xat24cr xgzva0m xxymvpz xlup9mm x1kky2od\"><img loading=\"lazy\" decoding=\"async\" src=\"https:\/\/static.xx.fbcdn.net\/images\/emoji.php\/v9\/t7a\/1\/16\/31_20e3.png\" alt=\"1\ufe0f\u20e3\" width=\"16\" height=\"16\" \/><\/span><span class=\"x3nfvp2 x1j61x8r x1fcty0u xdj266r xhhsvwb xat24cr xgzva0m xxymvpz xlup9mm x1kky2od\"><img loading=\"lazy\" decoding=\"async\" src=\"https:\/\/static.xx.fbcdn.net\/images\/emoji.php\/v9\/t7a\/1\/16\/31_20e3.png\" alt=\"1\ufe0f\u20e3\" width=\"16\" height=\"16\" \/><\/span>, do premierowego wydania naszego Programu Lokalnego <span class=\"x3nfvp2 x1j61x8r x1fcty0u xdj266r xhhsvwb xat24cr xgzva0m xxymvpz xlup9mm x1kky2od\"><img loading=\"lazy\" decoding=\"async\" src=\"https:\/\/static.xx.fbcdn.net\/images\/emoji.php\/v9\/t87\/1\/16\/1f4fa.png\" alt=\"\ud83d\udcfa\" width=\"16\" height=\"16\" \/><\/span>.<\/div><\/div><\/div><\/div><\/div><\/div><\/div><div dir=\"auto\" style=\"text-align: justify;\">\u00a0<\/div><div dir=\"auto\" style=\"text-align: justify;\">\u017ar\u00f3d\u0142o: <a href=\"https:\/\/www.facebook.com\/tveltronik\">ELTRONIK BRODNICA<\/a><\/div><p>\u00a0<\/p>\t\t\t\t\t\t<\/div>\n\t\t\t\t<\/div>\n\t\t\t\t\t<\/div>\n\t\t<\/div>\n\t\t\t\t\t<\/div>\n\t\t<\/section>\n\t\t\t\t<section class=\"elementor-section elementor-top-section elementor-element elementor-element-89ea3be elementor-section-boxed elementor-section-height-default elementor-section-height-default\" data-id=\"89ea3be\" data-element_type=\"section\" data-settings=\"{&quot;_ha_eqh_enable&quot;:false}\">\n\t\t\t\t\t\t<div class=\"elementor-container elementor-column-gap-default\">\n\t\t\t\t\t<div class=\"elementor-column elementor-col-100 elementor-top-column elementor-element elementor-element-d1d4152\" data-id=\"d1d4152\" data-element_type=\"column\">\n\t\t\t<div class=\"elementor-widget-wrap elementor-element-populated\">\n\t\t\t\t\t\t<div class=\"elementor-element elementor-element-538bef8 elementor-widget elementor-widget-gallery\" data-id=\"538bef8\" data-element_type=\"widget\" data-settings=\"{&quot;gallery_layout&quot;:&quot;masonry&quot;,&quot;columns&quot;:2,&quot;lazyload&quot;:&quot;yes&quot;,&quot;columns_tablet&quot;:2,&quot;columns_mobile&quot;:1,&quot;gap&quot;:{&quot;unit&quot;:&quot;px&quot;,&quot;size&quot;:10,&quot;sizes&quot;:[]},&quot;gap_tablet&quot;:{&quot;unit&quot;:&quot;px&quot;,&quot;size&quot;:10,&quot;sizes&quot;:[]},&quot;gap_mobile&quot;:{&quot;unit&quot;:&quot;px&quot;,&quot;size&quot;:10,&quot;sizes&quot;:[]},&quot;link_to&quot;:&quot;file&quot;,&quot;overlay_background&quot;:&quot;yes&quot;,&quot;content_hover_animation&quot;:&quot;fade-in&quot;}\" data-widget_type=\"gallery.default\">\n\t\t\t\t<div class=\"elementor-widget-container\">\n\t\t\t\t\t<div class=\"elementor-gallery__container\">\n\t\t\t\t\t\t\t<a class=\"e-gallery-item elementor-gallery-item elementor-animated-content\" href=\"http:\/\/www.farabrodnica.pl\/wordpress\/wp-content\/uploads\/2022\/11\/KONCERT-ORGANOWY12.jpg\" data-elementor-open-lightbox=\"yes\" data-elementor-lightbox-slideshow=\"538bef8\" data-elementor-lightbox-title=\"KONCERT ORGANOWY12\" data-e-action-hash=\"#elementor-action%3Aaction%3Dlightbox%26settings%3DeyJpZCI6MzQxMjAwLCJ1cmwiOiJodHRwOlwvXC93d3cuZmFyYWJyb2RuaWNhLnBsXC93b3JkcHJlc3NcL3dwLWNvbnRlbnRcL3VwbG9hZHNcLzIwMjJcLzExXC9LT05DRVJULU9SR0FOT1dZMTIuanBnIiwic2xpZGVzaG93IjoiNTM4YmVmOCJ9\">\n\t\t\t\t\t<div class=\"e-gallery-image elementor-gallery-item__image\" data-thumbnail=\"http:\/\/www.farabrodnica.pl\/wordpress\/wp-content\/uploads\/2022\/11\/KONCERT-ORGANOWY12-300x300.jpg\" data-width=\"300\" data-height=\"300\" aria-label=\"\" role=\"img\" ><\/div>\n\t\t\t\t\t\t\t\t\t\t\t<div class=\"elementor-gallery-item__overlay\"><\/div>\n\t\t\t\t\t\t\t\t\t\t\t\t\t\t<\/a>\n\t\t\t\t\t\t\t<a class=\"e-gallery-item elementor-gallery-item elementor-animated-content\" href=\"http:\/\/www.farabrodnica.pl\/wordpress\/wp-content\/uploads\/2022\/11\/KONCERT-ORGANOWY11.jpg\" data-elementor-open-lightbox=\"yes\" data-elementor-lightbox-slideshow=\"538bef8\" data-elementor-lightbox-title=\"KONCERT ORGANOWY11\" data-e-action-hash=\"#elementor-action%3Aaction%3Dlightbox%26settings%3DeyJpZCI6MzQxMTk5LCJ1cmwiOiJodHRwOlwvXC93d3cuZmFyYWJyb2RuaWNhLnBsXC93b3JkcHJlc3NcL3dwLWNvbnRlbnRcL3VwbG9hZHNcLzIwMjJcLzExXC9LT05DRVJULU9SR0FOT1dZMTEuanBnIiwic2xpZGVzaG93IjoiNTM4YmVmOCJ9\">\n\t\t\t\t\t<div class=\"e-gallery-image elementor-gallery-item__image\" data-thumbnail=\"http:\/\/www.farabrodnica.pl\/wordpress\/wp-content\/uploads\/2022\/11\/KONCERT-ORGANOWY11-300x300.jpg\" data-width=\"300\" data-height=\"300\" aria-label=\"\" role=\"img\" ><\/div>\n\t\t\t\t\t\t\t\t\t\t\t<div class=\"elementor-gallery-item__overlay\"><\/div>\n\t\t\t\t\t\t\t\t\t\t\t\t\t\t<\/a>\n\t\t\t\t\t\t\t<a class=\"e-gallery-item elementor-gallery-item elementor-animated-content\" href=\"http:\/\/www.farabrodnica.pl\/wordpress\/wp-content\/uploads\/2022\/11\/KONCERT-ORGANOWY10.jpg\" data-elementor-open-lightbox=\"yes\" data-elementor-lightbox-slideshow=\"538bef8\" data-elementor-lightbox-title=\"KONCERT ORGANOWY10\" data-e-action-hash=\"#elementor-action%3Aaction%3Dlightbox%26settings%3DeyJpZCI6MzQxMTk4LCJ1cmwiOiJodHRwOlwvXC93d3cuZmFyYWJyb2RuaWNhLnBsXC93b3JkcHJlc3NcL3dwLWNvbnRlbnRcL3VwbG9hZHNcLzIwMjJcLzExXC9LT05DRVJULU9SR0FOT1dZMTAuanBnIiwic2xpZGVzaG93IjoiNTM4YmVmOCJ9\">\n\t\t\t\t\t<div class=\"e-gallery-image elementor-gallery-item__image\" data-thumbnail=\"http:\/\/www.farabrodnica.pl\/wordpress\/wp-content\/uploads\/2022\/11\/KONCERT-ORGANOWY10-300x300.jpg\" data-width=\"300\" data-height=\"300\" aria-label=\"\" role=\"img\" ><\/div>\n\t\t\t\t\t\t\t\t\t\t\t<div class=\"elementor-gallery-item__overlay\"><\/div>\n\t\t\t\t\t\t\t\t\t\t\t\t\t\t<\/a>\n\t\t\t\t\t\t\t<a class=\"e-gallery-item elementor-gallery-item elementor-animated-content\" href=\"http:\/\/www.farabrodnica.pl\/wordpress\/wp-content\/uploads\/2022\/11\/KONCERT-ORGANOWY9.jpg\" data-elementor-open-lightbox=\"yes\" data-elementor-lightbox-slideshow=\"538bef8\" data-elementor-lightbox-title=\"KONCERT ORGANOWY9\" data-e-action-hash=\"#elementor-action%3Aaction%3Dlightbox%26settings%3DeyJpZCI6MzQxMTk3LCJ1cmwiOiJodHRwOlwvXC93d3cuZmFyYWJyb2RuaWNhLnBsXC93b3JkcHJlc3NcL3dwLWNvbnRlbnRcL3VwbG9hZHNcLzIwMjJcLzExXC9LT05DRVJULU9SR0FOT1dZOS5qcGciLCJzbGlkZXNob3ciOiI1MzhiZWY4In0%3D\">\n\t\t\t\t\t<div class=\"e-gallery-image elementor-gallery-item__image\" data-thumbnail=\"http:\/\/www.farabrodnica.pl\/wordpress\/wp-content\/uploads\/2022\/11\/KONCERT-ORGANOWY9-300x300.jpg\" data-width=\"300\" data-height=\"300\" aria-label=\"\" role=\"img\" ><\/div>\n\t\t\t\t\t\t\t\t\t\t\t<div class=\"elementor-gallery-item__overlay\"><\/div>\n\t\t\t\t\t\t\t\t\t\t\t\t\t\t<\/a>\n\t\t\t\t\t\t\t<a class=\"e-gallery-item elementor-gallery-item elementor-animated-content\" href=\"http:\/\/www.farabrodnica.pl\/wordpress\/wp-content\/uploads\/2022\/11\/KONCERT-ORGANOWY8.jpg\" data-elementor-open-lightbox=\"yes\" data-elementor-lightbox-slideshow=\"538bef8\" data-elementor-lightbox-title=\"KONCERT ORGANOWY8\" data-e-action-hash=\"#elementor-action%3Aaction%3Dlightbox%26settings%3DeyJpZCI6MzQxMTk2LCJ1cmwiOiJodHRwOlwvXC93d3cuZmFyYWJyb2RuaWNhLnBsXC93b3JkcHJlc3NcL3dwLWNvbnRlbnRcL3VwbG9hZHNcLzIwMjJcLzExXC9LT05DRVJULU9SR0FOT1dZOC5qcGciLCJzbGlkZXNob3ciOiI1MzhiZWY4In0%3D\">\n\t\t\t\t\t<div class=\"e-gallery-image elementor-gallery-item__image\" data-thumbnail=\"http:\/\/www.farabrodnica.pl\/wordpress\/wp-content\/uploads\/2022\/11\/KONCERT-ORGANOWY8-300x300.jpg\" data-width=\"300\" data-height=\"300\" aria-label=\"\" role=\"img\" ><\/div>\n\t\t\t\t\t\t\t\t\t\t\t<div class=\"elementor-gallery-item__overlay\"><\/div>\n\t\t\t\t\t\t\t\t\t\t\t\t\t\t<\/a>\n\t\t\t\t\t\t\t<a class=\"e-gallery-item elementor-gallery-item elementor-animated-content\" href=\"http:\/\/www.farabrodnica.pl\/wordpress\/wp-content\/uploads\/2022\/11\/KONCERT-ORGANOWY7.jpg\" data-elementor-open-lightbox=\"yes\" data-elementor-lightbox-slideshow=\"538bef8\" data-elementor-lightbox-title=\"KONCERT ORGANOWY7\" data-e-action-hash=\"#elementor-action%3Aaction%3Dlightbox%26settings%3DeyJpZCI6MzQxMTk1LCJ1cmwiOiJodHRwOlwvXC93d3cuZmFyYWJyb2RuaWNhLnBsXC93b3JkcHJlc3NcL3dwLWNvbnRlbnRcL3VwbG9hZHNcLzIwMjJcLzExXC9LT05DRVJULU9SR0FOT1dZNy5qcGciLCJzbGlkZXNob3ciOiI1MzhiZWY4In0%3D\">\n\t\t\t\t\t<div class=\"e-gallery-image elementor-gallery-item__image\" data-thumbnail=\"http:\/\/www.farabrodnica.pl\/wordpress\/wp-content\/uploads\/2022\/11\/KONCERT-ORGANOWY7-300x300.jpg\" data-width=\"300\" data-height=\"300\" aria-label=\"\" role=\"img\" ><\/div>\n\t\t\t\t\t\t\t\t\t\t\t<div class=\"elementor-gallery-item__overlay\"><\/div>\n\t\t\t\t\t\t\t\t\t\t\t\t\t\t<\/a>\n\t\t\t\t\t\t\t<a class=\"e-gallery-item elementor-gallery-item elementor-animated-content\" href=\"http:\/\/www.farabrodnica.pl\/wordpress\/wp-content\/uploads\/2022\/11\/KONCERT-ORGANOWY6.jpg\" data-elementor-open-lightbox=\"yes\" data-elementor-lightbox-slideshow=\"538bef8\" data-elementor-lightbox-title=\"KONCERT ORGANOWY6\" data-e-action-hash=\"#elementor-action%3Aaction%3Dlightbox%26settings%3DeyJpZCI6MzQxMTk0LCJ1cmwiOiJodHRwOlwvXC93d3cuZmFyYWJyb2RuaWNhLnBsXC93b3JkcHJlc3NcL3dwLWNvbnRlbnRcL3VwbG9hZHNcLzIwMjJcLzExXC9LT05DRVJULU9SR0FOT1dZNi5qcGciLCJzbGlkZXNob3ciOiI1MzhiZWY4In0%3D\">\n\t\t\t\t\t<div class=\"e-gallery-image elementor-gallery-item__image\" data-thumbnail=\"http:\/\/www.farabrodnica.pl\/wordpress\/wp-content\/uploads\/2022\/11\/KONCERT-ORGANOWY6.jpg\" data-width=\"300\" data-height=\"300\" aria-label=\"\" role=\"img\" ><\/div>\n\t\t\t\t\t\t\t\t\t\t\t<div class=\"elementor-gallery-item__overlay\"><\/div>\n\t\t\t\t\t\t\t\t\t\t\t\t\t\t<\/a>\n\t\t\t\t\t\t\t<a class=\"e-gallery-item elementor-gallery-item elementor-animated-content\" href=\"http:\/\/www.farabrodnica.pl\/wordpress\/wp-content\/uploads\/2022\/11\/KONCERT-ORGANOWY5.jpg\" data-elementor-open-lightbox=\"yes\" data-elementor-lightbox-slideshow=\"538bef8\" data-elementor-lightbox-title=\"KONCERT ORGANOWY5\" data-e-action-hash=\"#elementor-action%3Aaction%3Dlightbox%26settings%3DeyJpZCI6MzQxMTkzLCJ1cmwiOiJodHRwOlwvXC93d3cuZmFyYWJyb2RuaWNhLnBsXC93b3JkcHJlc3NcL3dwLWNvbnRlbnRcL3VwbG9hZHNcLzIwMjJcLzExXC9LT05DRVJULU9SR0FOT1dZNS5qcGciLCJzbGlkZXNob3ciOiI1MzhiZWY4In0%3D\">\n\t\t\t\t\t<div class=\"e-gallery-image elementor-gallery-item__image\" data-thumbnail=\"http:\/\/www.farabrodnica.pl\/wordpress\/wp-content\/uploads\/2022\/11\/KONCERT-ORGANOWY5-300x300.jpg\" data-width=\"300\" data-height=\"300\" aria-label=\"\" role=\"img\" ><\/div>\n\t\t\t\t\t\t\t\t\t\t\t<div class=\"elementor-gallery-item__overlay\"><\/div>\n\t\t\t\t\t\t\t\t\t\t\t\t\t\t<\/a>\n\t\t\t\t\t\t\t<a class=\"e-gallery-item elementor-gallery-item elementor-animated-content\" href=\"http:\/\/www.farabrodnica.pl\/wordpress\/wp-content\/uploads\/2022\/11\/KONCERT-ORGANOWY4.jpg\" data-elementor-open-lightbox=\"yes\" data-elementor-lightbox-slideshow=\"538bef8\" data-elementor-lightbox-title=\"KONCERT ORGANOWY4\" data-e-action-hash=\"#elementor-action%3Aaction%3Dlightbox%26settings%3DeyJpZCI6MzQxMTkyLCJ1cmwiOiJodHRwOlwvXC93d3cuZmFyYWJyb2RuaWNhLnBsXC93b3JkcHJlc3NcL3dwLWNvbnRlbnRcL3VwbG9hZHNcLzIwMjJcLzExXC9LT05DRVJULU9SR0FOT1dZNC5qcGciLCJzbGlkZXNob3ciOiI1MzhiZWY4In0%3D\">\n\t\t\t\t\t<div class=\"e-gallery-image elementor-gallery-item__image\" data-thumbnail=\"http:\/\/www.farabrodnica.pl\/wordpress\/wp-content\/uploads\/2022\/11\/KONCERT-ORGANOWY4-300x300.jpg\" data-width=\"300\" data-height=\"300\" aria-label=\"\" role=\"img\" ><\/div>\n\t\t\t\t\t\t\t\t\t\t\t<div class=\"elementor-gallery-item__overlay\"><\/div>\n\t\t\t\t\t\t\t\t\t\t\t\t\t\t<\/a>\n\t\t\t\t\t\t\t<a class=\"e-gallery-item elementor-gallery-item elementor-animated-content\" href=\"http:\/\/www.farabrodnica.pl\/wordpress\/wp-content\/uploads\/2022\/11\/KONCERT-ORGANOWY3.jpg\" data-elementor-open-lightbox=\"yes\" data-elementor-lightbox-slideshow=\"538bef8\" data-elementor-lightbox-title=\"KONCERT ORGANOWY3\" data-e-action-hash=\"#elementor-action%3Aaction%3Dlightbox%26settings%3DeyJpZCI6MzQxMTkxLCJ1cmwiOiJodHRwOlwvXC93d3cuZmFyYWJyb2RuaWNhLnBsXC93b3JkcHJlc3NcL3dwLWNvbnRlbnRcL3VwbG9hZHNcLzIwMjJcLzExXC9LT05DRVJULU9SR0FOT1dZMy5qcGciLCJzbGlkZXNob3ciOiI1MzhiZWY4In0%3D\">\n\t\t\t\t\t<div class=\"e-gallery-image elementor-gallery-item__image\" data-thumbnail=\"http:\/\/www.farabrodnica.pl\/wordpress\/wp-content\/uploads\/2022\/11\/KONCERT-ORGANOWY3-300x300.jpg\" data-width=\"300\" data-height=\"300\" aria-label=\"\" role=\"img\" ><\/div>\n\t\t\t\t\t\t\t\t\t\t\t<div class=\"elementor-gallery-item__overlay\"><\/div>\n\t\t\t\t\t\t\t\t\t\t\t\t\t\t<\/a>\n\t\t\t\t\t\t\t<a class=\"e-gallery-item elementor-gallery-item elementor-animated-content\" href=\"http:\/\/www.farabrodnica.pl\/wordpress\/wp-content\/uploads\/2022\/11\/KONCERT-ORGANOWY2.jpg\" data-elementor-open-lightbox=\"yes\" data-elementor-lightbox-slideshow=\"538bef8\" data-elementor-lightbox-title=\"KONCERT ORGANOWY2\" data-e-action-hash=\"#elementor-action%3Aaction%3Dlightbox%26settings%3DeyJpZCI6MzQxMTkwLCJ1cmwiOiJodHRwOlwvXC93d3cuZmFyYWJyb2RuaWNhLnBsXC93b3JkcHJlc3NcL3dwLWNvbnRlbnRcL3VwbG9hZHNcLzIwMjJcLzExXC9LT05DRVJULU9SR0FOT1dZMi5qcGciLCJzbGlkZXNob3ciOiI1MzhiZWY4In0%3D\">\n\t\t\t\t\t<div class=\"e-gallery-image elementor-gallery-item__image\" data-thumbnail=\"http:\/\/www.farabrodnica.pl\/wordpress\/wp-content\/uploads\/2022\/11\/KONCERT-ORGANOWY2-300x300.jpg\" data-width=\"300\" data-height=\"300\" aria-label=\"\" role=\"img\" ><\/div>\n\t\t\t\t\t\t\t\t\t\t\t<div class=\"elementor-gallery-item__overlay\"><\/div>\n\t\t\t\t\t\t\t\t\t\t\t\t\t\t<\/a>\n\t\t\t\t\t\t\t<a class=\"e-gallery-item elementor-gallery-item elementor-animated-content\" href=\"http:\/\/www.farabrodnica.pl\/wordpress\/wp-content\/uploads\/2022\/11\/KONCERT-ORGANOWY1.jpg\" data-elementor-open-lightbox=\"yes\" data-elementor-lightbox-slideshow=\"538bef8\" data-elementor-lightbox-title=\"KONCERT ORGANOWY1\" data-e-action-hash=\"#elementor-action%3Aaction%3Dlightbox%26settings%3DeyJpZCI6MzQxMTg5LCJ1cmwiOiJodHRwOlwvXC93d3cuZmFyYWJyb2RuaWNhLnBsXC93b3JkcHJlc3NcL3dwLWNvbnRlbnRcL3VwbG9hZHNcLzIwMjJcLzExXC9LT05DRVJULU9SR0FOT1dZMS5qcGciLCJzbGlkZXNob3ciOiI1MzhiZWY4In0%3D\">\n\t\t\t\t\t<div class=\"e-gallery-image elementor-gallery-item__image\" data-thumbnail=\"http:\/\/www.farabrodnica.pl\/wordpress\/wp-content\/uploads\/2022\/11\/KONCERT-ORGANOWY1-300x300.jpg\" data-width=\"300\" data-height=\"300\" aria-label=\"\" role=\"img\" ><\/div>\n\t\t\t\t\t\t\t\t\t\t\t<div class=\"elementor-gallery-item__overlay\"><\/div>\n\t\t\t\t\t\t\t\t\t\t\t\t\t\t<\/a>\n\t\t\t\t\t<\/div>\n\t\t\t<\/div>\n\t\t\t\t<\/div>\n\t\t\t\t\t<\/div>\n\t\t<\/div>\n\t\t\t\t\t<\/div>\n\t\t<\/section>\n\t\t\t\t<\/div>\n\t\t","protected":false},"excerpt":{"rendered":"<p>\u00a0Wczoraj wieczorem byli\u015bmy z nasz\u0105 kamer\u0105 w Parafia pw \u015bw. Katarzyny Aleksandryjskiej w Brodnicy , gdzie z okazji XXXI Tygodnia Kultury Chrze\u015bcija\u0144skiej , odby\u0142y si\u0119 dwa wydarzenia. Jednym z nich by\u0142 koncert organowy muzyki filmowej w wykonaniu organisty tej parafii Piotra Jaworskiego, oraz m\u0119skiego ch\u00f3ru. Po doznaniach muzycznych odby\u0142a si\u0119 &#8220;Noc w muzeum Fary&#8221;, podczas [&hellip;]<\/p>\n","protected":false},"author":1,"featured_media":341194,"comment_status":"closed","ping_status":"open","sticky":false,"template":"","format":"standard","meta":{"footnotes":""},"categories":[73,74,68,102,97,100],"tags":[],"_links":{"self":[{"href":"http:\/\/www.farabrodnica.pl\/wordpress\/wp-json\/wp\/v2\/posts\/341188"}],"collection":[{"href":"http:\/\/www.farabrodnica.pl\/wordpress\/wp-json\/wp\/v2\/posts"}],"about":[{"href":"http:\/\/www.farabrodnica.pl\/wordpress\/wp-json\/wp\/v2\/types\/post"}],"author":[{"embeddable":true,"href":"http:\/\/www.farabrodnica.pl\/wordpress\/wp-json\/wp\/v2\/users\/1"}],"replies":[{"embeddable":true,"href":"http:\/\/www.farabrodnica.pl\/wordpress\/wp-json\/wp\/v2\/comments?post=341188"}],"version-history":[{"count":7,"href":"http:\/\/www.farabrodnica.pl\/wordpress\/wp-json\/wp\/v2\/posts\/341188\/revisions"}],"predecessor-version":[{"id":341208,"href":"http:\/\/www.farabrodnica.pl\/wordpress\/wp-json\/wp\/v2\/posts\/341188\/revisions\/341208"}],"wp:featuredmedia":[{"embeddable":true,"href":"http:\/\/www.farabrodnica.pl\/wordpress\/wp-json\/wp\/v2\/media\/341194"}],"wp:attachment":[{"href":"http:\/\/www.farabrodnica.pl\/wordpress\/wp-json\/wp\/v2\/media?parent=341188"}],"wp:term":[{"taxonomy":"category","embeddable":true,"href":"http:\/\/www.farabrodnica.pl\/wordpress\/wp-json\/wp\/v2\/categories?post=341188"},{"taxonomy":"post_tag","embeddable":true,"href":"http:\/\/www.farabrodnica.pl\/wordpress\/wp-json\/wp\/v2\/tags?post=341188"}],"curies":[{"name":"wp","href":"https:\/\/api.w.org\/{rel}","templated":true}]}}